{"id":998,"date":"2020-03-24T13:47:35","date_gmt":"2020-03-24T11:47:35","guid":{"rendered":"http:\/\/www.mladibl.com\/?p=998"},"modified":"2020-03-24T13:47:37","modified_gmt":"2020-03-24T11:47:37","slug":"odlozeni-javni-pozivi-i-konkursi","status":"publish","type":"post","link":"https:\/\/www.mladibl.com\/?p=998","title":{"rendered":"Odlo\u017eeni javni pozivi i konkursi"},"content":{"rendered":"\n<p>Ve\u0107ina javnih poziva i oglasa Gradske uprave odlo\u017eeni su ili prolongirani, a me\u0111u njima i veliki me\u0111unarodni konkurs za idejno rje\u0161enje budu\u0107e multifunkcionalne dvorane koji je prolongiran do 21. maja ove godine.<\/p>\n\n\n\n<p>Zbog aktuelne epidemiolo\u0161ke situacije, do daljnjeg su, izme\u0111u ostalog, prolongirana tri javna poziva Odjeljenja za kulturu, turizam i socijalnu politiku.<\/p>\n\n\n\n<blockquote class=\"wp-block-quote is-layout-flow wp-block-quote-is-layout-flow\"><p>Rije\u010d je o sljede\u0107im javnim pozivima: za sufinansiranje projekata iz oblasti kulutrnog i umjetni\u010dkog stvarala\u0161tva za 2020. godine, za prijavu projekata udru\u017eenja gra\u0111ana za sufinansiranje iz gradskog bud\u017eeta, te poziv za prijavu kandidata za imenovanje \u010dlanova komisije za vrednovanje projekata kuluturnog i umjetni\u010dkog stvarala\u0161tva.<\/p><cite>&#8211; rekao je Neven Stani\u0107, na\u010delnik Odjeljenja za kulturu, turizam i socijalnu politiku.<\/cite><\/blockquote>\n\n\n\n<p>Tako\u0111e, na neodre\u0111eno vrijeme se produ\u017eavaju i javni poziv za licitaciju poljoprivrednog zemlji\u0161ta, javni poziv zajednicama eta\u017enih vlasnika za sufinansiranje radova na zamjeni stubi\u0161ne rasvjete, te javni poziv za banjsko lije\u010denje.<\/p>\n\n\n\n<p>Rokovi za ove pozive bi\u0107e naknadno saop\u0161teni.<\/p>\n\n\n\n<p>Preuzeto sa: <a href=\"http:\/\/www.banjaluka.rs.ba\/%d0%be%d0%b4%d0%bb%d0%be%d0%b6%d0%b5%d0%bd%d0%b8-%d1%98%d0%b0%d0%b2%d0%bd%d0%b8-%d0%bf%d0%be%d0%b7%d0%b8%d0%b2%d0%b8-%d0%b8-%d0%ba%d0%be%d0%bd%d0%ba%d1%83%d1%80%d1%81%d0%b8\/\" target=\"_blank\" rel=\"noreferrer noopener\" aria-label=\"Grad Banja Luka (opens in a new tab)\">Grad Banja Luka<\/a><\/p>\n","protected":false},"excerpt":{"rendered":"<p>Ve\u0107ina javnih poziva i oglasa Gradske uprave odlo\u017eeni su ili prolongirani, a me\u0111u njima i veliki me\u0111unarodni konkurs za idejno<\/p>\n","protected":false},"author":1,"featured_media":115,"comment_status":"closed","ping_status":"open","sticky":false,"template":"","format":"standard","meta":{"om_disable_all_campaigns":false,"_monsterinsights_skip_tracking":false,"_monsterinsights_sitenote_active":false,"_monsterinsights_sitenote_note":"","_monsterinsights_sitenote_category":0,"footnotes":""},"categories":[11],"tags":[27,218,28],"class_list":["post-998","post","type-post","status-publish","format-standard","has-post-thumbnail","hentry","category-gradbanjaluka","tag-grad-banja-luka","tag-javni-poziv","tag-konkursi"],"jetpack_featured_media_url":"https:\/\/www.mladibl.com\/wp-content\/uploads\/2019\/10\/grad-banja-luka.png","amp_enabled":true,"_links":{"self":[{"href":"https:\/\/www.mladibl.com\/index.php?rest_route=\/wp\/v2\/posts\/998","targetHints":{"allow":["GET"]}}],"collection":[{"href":"https:\/\/www.mladibl.com\/index.php?rest_route=\/wp\/v2\/posts"}],"about":[{"href":"https:\/\/www.mladibl.com\/index.php?rest_route=\/wp\/v2\/types\/post"}],"author":[{"embeddable":true,"href":"https:\/\/www.mladibl.com\/index.php?rest_route=\/wp\/v2\/users\/1"}],"replies":[{"embeddable":true,"href":"https:\/\/www.mladibl.com\/index.php?rest_route=%2Fwp%2Fv2%2Fcomments&post=998"}],"version-history":[{"count":1,"href":"https:\/\/www.mladibl.com\/index.php?rest_route=\/wp\/v2\/posts\/998\/revisions"}],"predecessor-version":[{"id":999,"href":"https:\/\/www.mladibl.com\/index.php?rest_route=\/wp\/v2\/posts\/998\/revisions\/999"}],"wp:featuredmedia":[{"embeddable":true,"href":"https:\/\/www.mladibl.com\/index.php?rest_route=\/wp\/v2\/media\/115"}],"wp:attachment":[{"href":"https:\/\/www.mladibl.com\/index.php?rest_route=%2Fwp%2Fv2%2Fmedia&parent=998"}],"wp:term":[{"taxonomy":"category","embeddable":true,"href":"https:\/\/www.mladibl.com\/index.php?rest_route=%2Fwp%2Fv2%2Fcategories&post=998"},{"taxonomy":"post_tag","embeddable":true,"href":"https:\/\/www.mladibl.com\/index.php?rest_route=%2Fwp%2Fv2%2Ftags&post=998"}],"curies":[{"name":"wp","href":"https:\/\/api.w.org\/{rel}","templated":true}]}}