{"id":9974,"date":"2021-06-10T09:35:59","date_gmt":"2021-06-10T07:35:59","guid":{"rendered":"https:\/\/www.mladibl.com\/?p=9974"},"modified":"2021-06-10T09:36:00","modified_gmt":"2021-06-10T07:36:00","slug":"ljetna-skola-demokratija-i-ljudska-prava-u-bih-u-vremenu-koronavirusa","status":"publish","type":"post","link":"https:\/\/www.mladibl.com\/?p=9974","title":{"rendered":"Ljetna \u0161kola: Demokratija i Ljudska prava u BiH u vremenu koronavirusa"},"content":{"rendered":"\n<p>Ovaj program nudi jedinstven pogled na Bosnu i Hercegovinu (BiH), njenu politiku, kulturu i mlade ljude i njihovu ulogu u izgradnji mira. Program \u0107e se odr\u017eati u sjeverozapadnom dijelu BiH, regiji gdje su se po\u010detkom devedesetih godina pro\u0161log stolje\u0107a desili neki od najve\u0107ih zlo\u010dina, \u0161to je u kona\u010dnici dovelo do osnivanja prvog me\u0111unarodnog suda za ratne zlo\u010dine nakon su\u0111enja u Nirnbergu.<\/p>\n\n\n\n<p>Uprkos ovim doga\u0111ajima, kao i \u010dinjenici da Prijedor i okolina imaju jedan od najve\u0107ih brojeva osu\u0111enih ratnih zlo\u010dinaca na svijetu, upravo je ovaj region izrodio niz pozitivnih kampanja koje su povezale mlade ljude \u0161irom BiH i svijeta.<\/p>\n\n\n\n<p>Budu\u0107i da \u0107e 2021. vjerovatno biti zapam\u0107ena ba\u0161 kao i 2020., obilje\u017eena pandemijom koronavirusa i na\u010dinom na koji je ona utjecala na u\u017eivanje osnovnih ljudskih prava i sloboda, ovaj program \u0107e istra\u017eivati problematiku koja dominira bosanskim politi\u010dkim i kulturnim krajolikom posljednjih 25 godina i ti\u010de se ljudskih prava koja su dodatno ugro\u017eena tokom pandemije.<\/p>\n\n\n\n<p>Program \u0107e istra\u017eiti naslije\u0111e Dejtonskog mirovnog sporazuma, koji je politi\u010dkim liderima i drugim akterima (mediji, vjerski lideri) poslu\u017eio kao sredstvo utv\u0111ivanja postoje\u0107ih etnonacionalnih i religijskih podjela u bh. politici i dru\u0161tvu. Ovakvo stanje prijeti destabilizacijom mira i bezbjednosti kako u ovom regionu tako i cijeloj BiH.<\/p>\n\n\n\n<p>Ovaj program prepozanje kapacitet mladih ljudi da u ovom historijski va\u017enom trenutku unaprijede proces izgradnje mira i pomirenja, koji se zasniva na po\u0161tivanju ljudskih prava i naslije\u0111u svih ljudi.<\/p>\n\n\n\n<p>Na\u0161 program nudi jednosedmi\u010dno iskustvo koje podsti\u010de interakciju i u\u010de\u0161\u0107e u okviru ljudskih prava i izgradnje mira a koje je namijenjeno za sve one koji \u017eele da sti\u010du znanja:<\/p>\n\n\n\n<ul class=\"wp-block-list\"><li>o BiH<\/li><li>o ulozi i va\u017enosti koju ljudska prava igraju u procesu pomirenja i izgradnje mira<\/li><li>o istoriji i nacionalizmu koji se koriste za stvaranje narativa koji zloupotrebljavaju razlike te promovi\u0161u podjele i sukobe slu\u0161anjem li\u010dnih pri\u010da o ratnim iskustvima<\/li><li>kako mirnim putem promicati va\u017enost politike sje\u0107anja<\/li><li>kako doprinijeti zajedni\u010dkom u\u010denju sa ostalim u\u010desnicima programa<\/li><li>kako slu\u0161ati druge ljude sa empatijom<\/li><li>od iskusnih predava\u010da i ostalih u\u010desnika<\/li><li>kako da steknu nove vje\u0161tine poput liderstva i kriti\u010dkog razmi\u0161ljanja<\/li><li>kako promovisati dijalog me\u0111u mladim ljudima sa potencijalom da postanu u\u010dinkoviti lideri u polju ljudskih prava, demokratije i izgradnje mira kako ocjenjivati projekte<\/li><\/ul>\n\n\n\n<p>NAPOMENA: Ne morate biti stru\u010dnjak ili student bilo koje gore navedene discipline da biste se prijavili za u\u010de\u0161\u0107e u programu.<\/p>\n\n\n\n<p>Radionice \u0107e voditi iskusni fasilitatori koji dolaze iz \u0161irokog spektra polja i disciplina. Neki od njih rade kao predava\u010di na fakultetima, neki su aktivisti u nevladinom sektoru i\/ili prakti\u010dari iz organizacija koje se bave ljudskim pravima ili tranzicijskom pravdom, a ostali su budu\u0107i pokreta\u010di promjena u dru\u0161tvu.<\/p>\n\n\n\n<p>LOGISTIKA PROGRAMA<\/p>\n\n\n\n<p>Most Mira snosi putne tro\u0161kove za u\u010desnike koji dolaze iz Bosne i Hercegovine (BiH). Na\u017ealost, nismo u mogu\u0107nosti pokriti putne tro\u0161kove za inostrane u\u010desnike.<\/p>\n\n\n\n<p>U\u010desnici koji putuju iz drugih dr\u017eava sami snose putne tro\u0161kove do BiH i Prijedora.<\/p>\n\n\n\n<p>Molimo vas da imate na umu da Most Mira nije u mogu\u0107nosti da pru\u017ei pomo\u0107 oko procesa potra\u017eivanja vize, te da sami snosite tro\u0161kove vize. Most Mira \u0107e pokriti tro\u0161kove ishrane i smje\u0161taja za sve u\u010desnike u toku trajanja programa. U\u010desnici mogu ponijeti d\u017eeparac za dodatne tro\u0161kove.<\/p>\n\n\n\n<p>Most Mira \u0107e organizovati svakodnevni prijevoz u sklopu programa, \u0161to uklju\u010duje i prijevoz do svih mjesta koja \u0107ete posjetiti u sklopu programa.<\/p>\n\n\n\n<p>SMJERNICE VEZANE ZA KORONAVIRUS<\/p>\n\n\n\n<p>Iako \u0107e Most Mira poduzeti sve razumne mjere kako bi osigurali da se doga\u0111aj organizuje u skladu sa aktuelnim savjetima bh. vlasti koji se ti\u010du bezbjednosti od zaraze koronavirusom te o\u010dekuje da se sudionici pridr\u017eavaju tih mjera, organizator se ne mo\u017ee smatrati odgovornim ako se bilo koji sudionik zarazi virusom za vrijeme boravka u BiH<\/p>\n\n\n\n<p>U\u010desnici moraju da se pridr\u017eavaju svih potrebnih zahtjeva vezanih za ulazak u dr\u017eavu koji se ti\u010du koronavirusa, a odre\u0111eni su od strane vlasti BiH (za dodatne informacije posjetite http:\/\/www.granpol.gov.ba\/Content\/Read\/74?title=Covid-19). U\u010desnici moraju pokriti tro\u0161kove testiranja potrebnog za putovanje u ili iz BiH<\/p>\n\n\n\n<p>PRIJAVA ZA PROGRAM<\/p>\n\n\n\n<p>Da biste bili razmotreni za u\u010de\u0161\u0107e u programu potrebno je da napi\u0161ete motivaciono pismo (do 500 rije\u010di) i da ga po\u0161aljete zajedno sa Va\u0161im CV-em.<\/p>\n\n\n\n<p>Oni koji to \u017eele mogu umjesto CV-a poslati sa\u017eetak o njihovom obrazovanju i radnom iskustvu (1-2 stranice max.). Prijave slati do 30. juna 2021 (23:59)<\/p>\n\n\n\n<p>Kandidati \u0107e u\u0107i u u\u017ei izbor na osnovu njihovih izjava, kao i pozadine i iskustava. Potom \u0107e se obaviti intervju sa kandidatima koji su u\u0161li u u\u017ei izbor prije nego \u0161to budu prihva\u0107eni za u\u010de\u0161\u0107e u programu. Intervjui \u0107e vam tako\u0111er pru\u017eiti priliku da saznate vi\u0161e o nama, na\u0161em radu i programu.<\/p>\n\n\n\n<p><strong><a href=\"https:\/\/bit.ly\/PoP2021\" target=\"_blank\" rel=\"noreferrer noopener\">LINK ZA PRIJAVNI OBRAZAC<\/a><\/strong><\/p>\n\n\n\n<p>Ako imate bilo kakvih dodatnih pitanja slobodno nas kontaktirajte putem slijede\u0107e email adrese: <strong><a href=\"mailto:mostmiraproject@gmail.com\" target=\"_blank\" rel=\"noreferrer noopener\">mostmiraproject@gmail.com<\/a><\/strong><\/p>\n\n\n\n<p>Preuzeto sa: <a href=\"https:\/\/www.hocu.ba\/indexphp\/hocupriliku\/ljetna-skola-demokratija-i-ljudska-prava-u-bih-u-vremenu-koronavirusa\/\" target=\"_blank\" rel=\"noreferrer noopener\">hocu.ba<\/a><\/p>\n","protected":false},"excerpt":{"rendered":"<p>Ovaj program nudi jedinstven pogled na Bosnu i Hercegovinu (BiH), njenu politiku, kulturu i mlade ljude i njihovu ulogu u<\/p>\n","protected":false},"author":1,"featured_media":9975,"comment_status":"closed","ping_status":"open","sticky":false,"template":"","format":"standard","meta":{"om_disable_all_campaigns":false,"_monsterinsights_skip_tracking":false,"_monsterinsights_sitenote_active":false,"_monsterinsights_sitenote_note":"","_monsterinsights_sitenote_category":0,"footnotes":""},"categories":[6],"tags":[512,965,238,158],"class_list":["post-9974","post","type-post","status-publish","format-standard","has-post-thumbnail","hentry","category-dogadjaji","tag-bih","tag-demokratija","tag-ljetna-skola","tag-ljudska-prava"],"jetpack_featured_media_url":"https:\/\/www.mladibl.com\/wp-content\/uploads\/2021\/06\/Ljetna-skola_-Demokratija-i-Ljudska-prava-u-BiH-u-vremenu-koronavirusa.jpg","amp_enabled":true,"_links":{"self":[{"href":"https:\/\/www.mladibl.com\/index.php?rest_route=\/wp\/v2\/posts\/9974","targetHints":{"allow":["GET"]}}],"collection":[{"href":"https:\/\/www.mladibl.com\/index.php?rest_route=\/wp\/v2\/posts"}],"about":[{"href":"https:\/\/www.mladibl.com\/index.php?rest_route=\/wp\/v2\/types\/post"}],"author":[{"embeddable":true,"href":"https:\/\/www.mladibl.com\/index.php?rest_route=\/wp\/v2\/users\/1"}],"replies":[{"embeddable":true,"href":"https:\/\/www.mladibl.com\/index.php?rest_route=%2Fwp%2Fv2%2Fcomments&post=9974"}],"version-history":[{"count":1,"href":"https:\/\/www.mladibl.com\/index.php?rest_route=\/wp\/v2\/posts\/9974\/revisions"}],"predecessor-version":[{"id":9976,"href":"https:\/\/www.mladibl.com\/index.php?rest_route=\/wp\/v2\/posts\/9974\/revisions\/9976"}],"wp:featuredmedia":[{"embeddable":true,"href":"https:\/\/www.mladibl.com\/index.php?rest_route=\/wp\/v2\/media\/9975"}],"wp:attachment":[{"href":"https:\/\/www.mladibl.com\/index.php?rest_route=%2Fwp%2Fv2%2Fmedia&parent=9974"}],"wp:term":[{"taxonomy":"category","embeddable":true,"href":"https:\/\/www.mladibl.com\/index.php?rest_route=%2Fwp%2Fv2%2Fcategories&post=9974"},{"taxonomy":"post_tag","embeddable":true,"href":"https:\/\/www.mladibl.com\/index.php?rest_route=%2Fwp%2Fv2%2Ftags&post=9974"}],"curies":[{"name":"wp","href":"https:\/\/api.w.org\/{rel}","templated":true}]}}