{"id":9962,"date":"2021-06-10T08:57:34","date_gmt":"2021-06-10T06:57:34","guid":{"rendered":"https:\/\/www.mladibl.com\/?p=9962"},"modified":"2021-06-10T08:57:35","modified_gmt":"2021-06-10T06:57:35","slug":"u-susret-spasovdanu-pocelo-obiljezavanje-krsne-slave-grada-i-hrama","status":"publish","type":"post","link":"https:\/\/www.mladibl.com\/?p=9962","title":{"rendered":"U susret Spasovdanu: Po\u010delo obilje\u017eavanje krsne slave grada i Hrama"},"content":{"rendered":"\n<p>Spasovdanskim troparom \u201eVoznesalsja jesi\u201c u izvedbi banjalu\u010dkog hora \u201eJedinstvo\u201c, ve\u010deras u 20 \u010dasova po\u010delo je obilje\u017eavanje krsne slave grada Banje Luke \u2013 Spasovdana.<\/p>\n\n\n\n<p>Tim povodom na platou ispred Hrama Hrista Spasitelja prire\u0111en je kulturno-umjetni\u010dki program.<\/p>\n\n\n\n<p>Gradona\u010delnik Banje Luke Dra\u0161ko Stanivukovi\u0107 \u010destitao je krsnu slavu poru\u010div\u0161i da Spasovdan kao starozavjetna slava simboli\u010dno ukazuje na uzdizanje \u2013 vaznesenje grada iz pepela i neuni\u0161tivu nadu i vjeru u budu\u0107nost i predstavlja jedan od deset praznika posve\u0107enih Hristu.<\/p>\n\n\n\n<p>-Radostan sam i zahvalan Bogu \u0161to smo na dan Vaznesenja Isusa Hrista okupljeni oko na\u0161eg za\u0161titnika, kao \u0161to se porodice okupljaju, kako bismo proslavili na\u0161u zajedni\u010dku slavu. Ovaj velelepni Hram Hrista Spasitelja koji je simbol i za\u0161titnik Banje Luke je mjesto na\u0161e sabornosti i spoznaje o tome ko smo, ko su nam preci i kakve su nam obi\u010daje ostavili-kazao je gradona\u010delnik.<\/p>\n\n\n\n<p>Gradona\u010delnik je zajedno sa starje\u0161inom Hrama uru\u010dio i nagrade pobjednicima ovogodi\u0161njeg literarnog konkursa \u201ePravoslavna Banja Luka 2021\u201c.<\/p>\n\n\n\n<p>Prvu nagradu dobila je Sanja Doj\u010dinovi\u0107, studentkinja U\u010diteljskog studija na Filozofskom fakultetu Univerziteta u Banjoj Luci, za esej pod nazivom \u201cTi\u0161a strana Banje Luke\u201d.<\/p>\n\n\n\n<p>Druga nagrada dodijeljena je Nevenu Miljatovi\u0107u, studentu ruskog i srpskog jezika i knji\u017eevnosti na Filolo\u0161kom fakultetu Univerziteta u Banjoj Luci za lirski nadahnut esej pod nazivom \u201eMe\u0111u brvnima vjeronosnim\u201c.<\/p>\n\n\n\n<p>Dobitnik tre\u0107e nagrade je Stefan Dendi, student Akademije umjetnosti Univerziteta u Banjoj Luci, za esej \u201ePravoslavna Banjaluka\u201c.<\/p>\n\n\n\n<p>Prema programu pod nazivom \u201eU susret Spasovdanu\u201c nastupili su Mje\u0161oviti hor SPD \u201eJedinstvo\u201c i Mje\u0161oviti hor Akademije umjetnosti Banja Luka pod dirigentskom palicom \u010duvenog Nemanje Savi\u0107a.<\/p>\n\n\n\n<p>Gra\u0111ani su u\u017eivali u spletovima narodnih, gradskih, kraji\u0161kih i \u017eupskih pjesama u izvedbi ovih banjalu\u010dkih horova.<\/p>\n\n\n\n<p>Mu\u0161ki hor Akademije umjetnosti izveo je komitske pjesme, dok je \u017denski hor izvodio dodolske pjesme.<\/p>\n\n\n\n<p>Program povodom slave grada uprili\u010dili su folklorni ansambli i narodni orkestri: ANIP \u201eVeselin Masle\u0161a\u201c i KUD \u201e\u010cajavec\u201c, RKUD \u201ePelagi\u0107\u201c, u\u010denici Muzi\u010dke \u0161kole \u201eVlado Milo\u0161evi\u0107\u201c, Gradski tambura\u0161ki orkestar, kao i Gradski hor \u201eJazavac\u201c, kojim je dirigovao Zlatan Miri\u0107.<\/p>\n\n\n\n<p>Podsje\u0107amo, u \u010detvrtak, na dan slave \u2013 u Sabornom hramu Hrista Spasitelja u 9.00 \u010dasova po\u010de\u0107e Sveta arhijerejska liturgija, nakon \u010dega \u0107e se obaviti \u010din osve\u0107enja slavskog \u017eita i kola\u010da. Po zavr\u0161etku slavskog obreda \u2013 obavi\u0107e se Spasovdanska litija oko Sabornog hrama.<\/p>\n\n\n\n<p>U okviru obilje\u017eavanja Spasovdana, bi\u0107e odr\u017eani i sportski sadr\u017eaji, i to finale Kupa grada u kojem \u0107e se sastati FK \u201eBorac\u201c i FK \u201e\u017deljezni\u010dar\u201c 10. juna u 18 \u010dasova na Gradskom stadionu.<\/p>\n\n\n\n<p>Slavu grada, koja je ujedno i slava Sabornog hrama Hrista Spasitelja, obilje\u017eavaju zajedno \u2013 Grad Banja Luka i Srpska pravoslavna crkva-parohija Banjalu\u010dka.<\/p>\n\n\n\n<p>Preuzeto sa: <a href=\"https:\/\/www.banjaluka.rs.ba\/u-susret-spasovdanu-pocelo-obiljezavanje-krsne-slave-grada-i-hrama\/\" target=\"_blank\" rel=\"noreferrer noopener\">Grad Banja Luka<\/a><\/p>\n","protected":false},"excerpt":{"rendered":"<p>Spasovdanskim troparom \u201eVoznesalsja jesi\u201c u izvedbi banjalu\u010dkog hora \u201eJedinstvo\u201c, ve\u010deras u 20 \u010dasova po\u010delo je obilje\u017eavanje krsne slave grada Banje<\/p>\n","protected":false},"author":1,"featured_media":9963,"comment_status":"closed","ping_status":"open","sticky":false,"template":"","format":"standard","meta":{"om_disable_all_campaigns":false,"_monsterinsights_skip_tracking":false,"_monsterinsights_sitenote_active":false,"_monsterinsights_sitenote_note":"","_monsterinsights_sitenote_category":0,"footnotes":""},"categories":[2],"tags":[27,5177,5155,1255,686],"class_list":["post-9962","post","type-post","status-publish","format-standard","has-post-thumbnail","hentry","category-vijesti","tag-grad-banja-luka","tag-hram-hrista-spasitelja","tag-krsna-slava","tag-obiljezavanje","tag-spasovdan"],"jetpack_featured_media_url":"https:\/\/www.mladibl.com\/wp-content\/uploads\/2021\/06\/U-susret-Spasovdanu_-Pocelo-obiljezavanje-krsne-slave-grada-i-Hrama.jpg","amp_enabled":true,"_links":{"self":[{"href":"https:\/\/www.mladibl.com\/index.php?rest_route=\/wp\/v2\/posts\/9962","targetHints":{"allow":["GET"]}}],"collection":[{"href":"https:\/\/www.mladibl.com\/index.php?rest_route=\/wp\/v2\/posts"}],"about":[{"href":"https:\/\/www.mladibl.com\/index.php?rest_route=\/wp\/v2\/types\/post"}],"author":[{"embeddable":true,"href":"https:\/\/www.mladibl.com\/index.php?rest_route=\/wp\/v2\/users\/1"}],"replies":[{"embeddable":true,"href":"https:\/\/www.mladibl.com\/index.php?rest_route=%2Fwp%2Fv2%2Fcomments&post=9962"}],"version-history":[{"count":1,"href":"https:\/\/www.mladibl.com\/index.php?rest_route=\/wp\/v2\/posts\/9962\/revisions"}],"predecessor-version":[{"id":9964,"href":"https:\/\/www.mladibl.com\/index.php?rest_route=\/wp\/v2\/posts\/9962\/revisions\/9964"}],"wp:featuredmedia":[{"embeddable":true,"href":"https:\/\/www.mladibl.com\/index.php?rest_route=\/wp\/v2\/media\/9963"}],"wp:attachment":[{"href":"https:\/\/www.mladibl.com\/index.php?rest_route=%2Fwp%2Fv2%2Fmedia&parent=9962"}],"wp:term":[{"taxonomy":"category","embeddable":true,"href":"https:\/\/www.mladibl.com\/index.php?rest_route=%2Fwp%2Fv2%2Fcategories&post=9962"},{"taxonomy":"post_tag","embeddable":true,"href":"https:\/\/www.mladibl.com\/index.php?rest_route=%2Fwp%2Fv2%2Ftags&post=9962"}],"curies":[{"name":"wp","href":"https:\/\/api.w.org\/{rel}","templated":true}]}}