{"id":9959,"date":"2021-06-10T08:52:11","date_gmt":"2021-06-10T06:52:11","guid":{"rendered":"https:\/\/www.mladibl.com\/?p=9959"},"modified":"2021-06-10T08:52:12","modified_gmt":"2021-06-10T06:52:12","slug":"finale-kupa-grada-banje-luke-utakmica-humanitarnog-karaktera","status":"publish","type":"post","link":"https:\/\/www.mladibl.com\/?p=9959","title":{"rendered":"Finale Kupa grada Banje Luke: Utakmica humanitarnog karaktera"},"content":{"rendered":"\n<p>Finale Kupa grada Banje Luke odr\u017ea\u0107e se sutra, 10. juna, na Gradskom stadionu sa po\u010detkom u 18.00 \u010dasova.<\/p>\n\n\n\n<p>U finalu \u0107e odmjeriti snage FK \u201eBorac\u201c i FK \u201e\u017deljezni\u010dar\u201c.<\/p>\n\n\n\n<figure class=\"wp-block-image size-large\"><img loading=\"lazy\" decoding=\"async\" width=\"572\" height=\"1024\" src=\"http:\/\/www.mladibl.com\/wp-content\/uploads\/2021\/06\/Finale-Kupa-grada-Banje-Luke_-Utakmica-humanitarnog-karaktera-572x1024.jpg\" alt=\"\" class=\"wp-image-9960\" srcset=\"https:\/\/www.mladibl.com\/wp-content\/uploads\/2021\/06\/Finale-Kupa-grada-Banje-Luke_-Utakmica-humanitarnog-karaktera-572x1024.jpg 572w, https:\/\/www.mladibl.com\/wp-content\/uploads\/2021\/06\/Finale-Kupa-grada-Banje-Luke_-Utakmica-humanitarnog-karaktera-167x300.jpg 167w, https:\/\/www.mladibl.com\/wp-content\/uploads\/2021\/06\/Finale-Kupa-grada-Banje-Luke_-Utakmica-humanitarnog-karaktera-768x1376.jpg 768w, https:\/\/www.mladibl.com\/wp-content\/uploads\/2021\/06\/Finale-Kupa-grada-Banje-Luke_-Utakmica-humanitarnog-karaktera.jpg 800w\" sizes=\"auto, (max-width: 572px) 100vw, 572px\" \/><\/figure>\n\n\n\n<p>Pod sloganom \u201eSlobodan je Borac, pobijedi\u0107e ovu bitku\u201c u Sportskoj dvorani \u201eBorik\u201c sa po\u010detkom u 19.00 \u010dasova bi\u0107e organizovan i humanitarni me\u010d za na\u0161eg Banjalu\u010danina Slobodana Kesi\u0107a, poznatijeg kao Borko \u2013 maskota \u201eBorca\u201c.<\/p>\n\n\n\n<p>Humanitarni me\u010d igra\u0107e prvi tim Borca protiv biv\u0161ih Bor\u010devih igra\u010da.<\/p>\n\n\n\n<figure class=\"wp-block-image size-large\"><img decoding=\"async\" src=\"https:\/\/www.banjaluka.rs.ba\/wp-content\/uploads\/2021\/06\/humanitarna_utakmica_slobodan_kesic.jpg\" alt=\"\"\/><\/figure>\n\n\n\n<p>Preuzeto sa: <a href=\"https:\/\/www.banjaluka.rs.ba\/finale-kupa-grada-banja-luka-2021\/\" target=\"_blank\" rel=\"noreferrer noopener\">Grad Banja Luka<\/a><\/p>\n","protected":false},"excerpt":{"rendered":"<p>Finale Kupa grada Banje Luke odr\u017ea\u0107e se sutra, 10. juna, na Gradskom stadionu sa po\u010detkom u 18.00 \u010dasova. U finalu<\/p>\n","protected":false},"author":1,"featured_media":9960,"comment_status":"closed","ping_status":"open","sticky":false,"template":"","format":"standard","meta":{"om_disable_all_campaigns":false,"_monsterinsights_skip_tracking":false,"_monsterinsights_sitenote_active":false,"_monsterinsights_sitenote_note":"","_monsterinsights_sitenote_category":0,"footnotes":""},"categories":[2],"tags":[53,5172,5175,5173,5176,5174],"class_list":["post-9959","post","type-post","status-publish","format-standard","has-post-thumbnail","hentry","category-vijesti","tag-banja-luka","tag-finale","tag-humanitarni-karakter","tag-kup-grada","tag-slobodan-kesic","tag-utakmica"],"jetpack_featured_media_url":"https:\/\/www.mladibl.com\/wp-content\/uploads\/2021\/06\/Finale-Kupa-grada-Banje-Luke_-Utakmica-humanitarnog-karaktera.jpg","amp_enabled":true,"_links":{"self":[{"href":"https:\/\/www.mladibl.com\/index.php?rest_route=\/wp\/v2\/posts\/9959","targetHints":{"allow":["GET"]}}],"collection":[{"href":"https:\/\/www.mladibl.com\/index.php?rest_route=\/wp\/v2\/posts"}],"about":[{"href":"https:\/\/www.mladibl.com\/index.php?rest_route=\/wp\/v2\/types\/post"}],"author":[{"embeddable":true,"href":"https:\/\/www.mladibl.com\/index.php?rest_route=\/wp\/v2\/users\/1"}],"replies":[{"embeddable":true,"href":"https:\/\/www.mladibl.com\/index.php?rest_route=%2Fwp%2Fv2%2Fcomments&post=9959"}],"version-history":[{"count":1,"href":"https:\/\/www.mladibl.com\/index.php?rest_route=\/wp\/v2\/posts\/9959\/revisions"}],"predecessor-version":[{"id":9961,"href":"https:\/\/www.mladibl.com\/index.php?rest_route=\/wp\/v2\/posts\/9959\/revisions\/9961"}],"wp:featuredmedia":[{"embeddable":true,"href":"https:\/\/www.mladibl.com\/index.php?rest_route=\/wp\/v2\/media\/9960"}],"wp:attachment":[{"href":"https:\/\/www.mladibl.com\/index.php?rest_route=%2Fwp%2Fv2%2Fmedia&parent=9959"}],"wp:term":[{"taxonomy":"category","embeddable":true,"href":"https:\/\/www.mladibl.com\/index.php?rest_route=%2Fwp%2Fv2%2Fcategories&post=9959"},{"taxonomy":"post_tag","embeddable":true,"href":"https:\/\/www.mladibl.com\/index.php?rest_route=%2Fwp%2Fv2%2Ftags&post=9959"}],"curies":[{"name":"wp","href":"https:\/\/api.w.org\/{rel}","templated":true}]}}