{"id":9957,"date":"2021-06-10T08:45:21","date_gmt":"2021-06-10T06:45:21","guid":{"rendered":"https:\/\/www.mladibl.com\/?p=9957"},"modified":"2021-06-10T08:45:22","modified_gmt":"2021-06-10T06:45:22","slug":"povodom-proslave-spasovdana-bice-obustavljen-saobracaj-u-centru-grada","status":"publish","type":"post","link":"https:\/\/www.mladibl.com\/?p=9957","title":{"rendered":"Povodom proslave Spasovdana bi\u0107e obustavljen saobra\u0107aj u centru grada"},"content":{"rendered":"\n<p>Zbog aktivnosti u okviru proslave Spasovdana \u2013 krsne slave grada i Banjalu\u010dke eparhije , bi\u0107e obustavljen saobra\u0107aj u Ulici kralja Petra I Kara\u0111or\u0111evi\u0107a, na dijelu od Ulice Marije Bursa\u0107 do Ulice Vuka Karad\u017ei\u0107a i to:<\/p>\n\n\n\n<ul class=\"wp-block-list\"><li>Dana 09.06.2021. godine u vremenu od 19.00 do 21.30 \u010dasova i<\/li><li>Dana 10.06.2021. godine u vremenu od 10.30 do 12.30 \u010dasova<\/li><\/ul>\n\n\n\n<p>Za vrijeme trajanja obustave saobra\u0107aja regulisanje i preusmjeravanje saobra\u0107aja \u0107e na propisan na\u010din vr\u0161iti slu\u017ebena lica MUP-a RS<\/p>\n\n\n\n<p>Za vrijeme trajanja obustave saobra\u0107aja na linijama javnog prevoza putnika koje saobra\u0107aju Ulicom Kralja Petra I Kara\u0111or\u0111evi\u0107a, dio od Ulice Vuka Karad\u017ei\u0107a do Bulevara cara Du\u0161ana, izvr\u0161i\u0107e se preusmjeravanje autobusa u ulice Cara Du\u0161ana, Kninsku, Vidovdansku, Vuka Karad\u017ei\u0107a i dalje postoje\u0107om trasom.<\/p>\n\n\n\n<p>Preuzeto sa: <a href=\"https:\/\/www.banjaluka.rs.ba\/povodom-proslave-spasovdana-bice-obustavljen-saobracaj-u-centru-grada\/\" target=\"_blank\" rel=\"noreferrer noopener\">Grad Banja Luka<\/a><\/p>\n","protected":false},"excerpt":{"rendered":"<p>Zbog aktivnosti u okviru proslave Spasovdana \u2013 krsne slave grada i Banjalu\u010dke eparhije , bi\u0107e obustavljen saobra\u0107aj u Ulici kralja<\/p>\n","protected":false},"author":1,"featured_media":115,"comment_status":"closed","ping_status":"open","sticky":false,"template":"","format":"standard","meta":{"om_disable_all_campaigns":false,"_monsterinsights_skip_tracking":false,"_monsterinsights_sitenote_active":false,"_monsterinsights_sitenote_note":"","_monsterinsights_sitenote_category":0,"footnotes":""},"categories":[2],"tags":[380,27,5171,4396,1859,686],"class_list":["post-9957","post","type-post","status-publish","format-standard","has-post-thumbnail","hentry","category-vijesti","tag-centar-grada","tag-grad-banja-luka","tag-obustavljen","tag-proslava","tag-saobracaj","tag-spasovdan"],"jetpack_featured_media_url":"https:\/\/www.mladibl.com\/wp-content\/uploads\/2019\/10\/grad-banja-luka.png","amp_enabled":true,"_links":{"self":[{"href":"https:\/\/www.mladibl.com\/index.php?rest_route=\/wp\/v2\/posts\/9957","targetHints":{"allow":["GET"]}}],"collection":[{"href":"https:\/\/www.mladibl.com\/index.php?rest_route=\/wp\/v2\/posts"}],"about":[{"href":"https:\/\/www.mladibl.com\/index.php?rest_route=\/wp\/v2\/types\/post"}],"author":[{"embeddable":true,"href":"https:\/\/www.mladibl.com\/index.php?rest_route=\/wp\/v2\/users\/1"}],"replies":[{"embeddable":true,"href":"https:\/\/www.mladibl.com\/index.php?rest_route=%2Fwp%2Fv2%2Fcomments&post=9957"}],"version-history":[{"count":1,"href":"https:\/\/www.mladibl.com\/index.php?rest_route=\/wp\/v2\/posts\/9957\/revisions"}],"predecessor-version":[{"id":9958,"href":"https:\/\/www.mladibl.com\/index.php?rest_route=\/wp\/v2\/posts\/9957\/revisions\/9958"}],"wp:featuredmedia":[{"embeddable":true,"href":"https:\/\/www.mladibl.com\/index.php?rest_route=\/wp\/v2\/media\/115"}],"wp:attachment":[{"href":"https:\/\/www.mladibl.com\/index.php?rest_route=%2Fwp%2Fv2%2Fmedia&parent=9957"}],"wp:term":[{"taxonomy":"category","embeddable":true,"href":"https:\/\/www.mladibl.com\/index.php?rest_route=%2Fwp%2Fv2%2Fcategories&post=9957"},{"taxonomy":"post_tag","embeddable":true,"href":"https:\/\/www.mladibl.com\/index.php?rest_route=%2Fwp%2Fv2%2Ftags&post=9957"}],"curies":[{"name":"wp","href":"https:\/\/api.w.org\/{rel}","templated":true}]}}