{"id":9921,"date":"2021-06-09T09:32:42","date_gmt":"2021-06-09T07:32:42","guid":{"rendered":"https:\/\/www.mladibl.com\/?p=9921"},"modified":"2021-06-09T09:32:43","modified_gmt":"2021-06-09T07:32:43","slug":"predstavnici-grada-banja-luka-posjetili-oc-zdravo-da-ste","status":"publish","type":"post","link":"https:\/\/www.mladibl.com\/?p=9921","title":{"rendered":"Predstavnici Grada Banja Luka posjetili OC \u201eZdravo da ste\u201c"},"content":{"rendered":"\n<p>Savjetnica gradona\u010delnika za dru\u0161tvene djelatnosti Milada \u0160ukalo i Danijela Kajkut iz Odjeljenja za obrazovanje, zdravstvo, omladinu i sport Grada Banje Luke posjetili su Omladinski centar \u201eZdravo da ste\u201c u prostorijama u Parku \u201eMladen Stojanovi\u0107\u201c, gdje su razgovarali sa predstavnicima ove organizacije oko proteklih i predstoje\u0107ih aktivnosti.<\/p>\n\n\n\n<p>Tom prilikom, savjetnica \u0160ukalo je kazala da su tokom sastanaka otvorene brojne va\u017ene teme, kao i da su predstavnici Grada imali priliku da se na licu mjesta upoznaju sa na\u010dinom rada ove organizacije.<\/p>\n\n\n\n<p>-Izuzetno nam je drago \u0161to smo razgovarali o mogu\u0107nostima unapre\u0111enja dosada\u0161nje saradnje sa Omladinskim centrom \u201eZdravo da ste\u201c, kao i o aktivnostima koje planiramo zajedno realizovati u predstoje\u0107em periodu-kazala je savjetnica \u0160ukalo.<\/p>\n\n\n\n<p>Ona je naglasila da Grad Banja Luka vodi ra\u010duna o organizacijama koje su dale svoj doprinos i pe\u010dat razvoju omladinskog aktivizma u na\u0161em gradu, poput Omladinskog centra \u201eZdravo da ste\u201c, kazav\u0161i da \u0107e takva podr\u0161ka biti nastavljena i u budu\u0107nosti.<\/p>\n\n\n\n<p>Danijela Kajkut, iz resornog Odjeljenja, poru\u010dila je da je Grad uvijek znao prepoznati organizacije koje rade dobro, uspje\u0161no i vrijedno, te da \u0107e saradnja sa ovim centrom biti intenzivirana i nastavljena na op\u0161tu korist mladih i svih gra\u0111ana Banje Luke.<\/p>\n\n\n\n<p>Predstavnici ove organizacije iskazali su zadovoljstvo dosada\u0161njom saradnjom sa Gradom, te izrazili zahvalnost za svu podr\u0161ku koju je Grad Banja Luka upu\u0107ivao ovom omladinskom centru u proteklom periodu.<\/p>\n\n\n\n<p>Preuzeto sa: <a href=\"https:\/\/www.banjaluka.rs.ba\/predstavnici-grada-banja-luka-posjetili-oc-zdravo-da-ste\/\" target=\"_blank\" rel=\"noreferrer noopener\">Grad Banja Luka<\/a><\/p>\n","protected":false},"excerpt":{"rendered":"<p>Savjetnica gradona\u010delnika za dru\u0161tvene djelatnosti Milada \u0160ukalo i Danijela Kajkut iz Odjeljenja za obrazovanje, zdravstvo, omladinu i sport Grada Banje<\/p>\n","protected":false},"author":1,"featured_media":9922,"comment_status":"closed","ping_status":"open","sticky":false,"template":"","format":"standard","meta":{"om_disable_all_campaigns":false,"_monsterinsights_skip_tracking":false,"_monsterinsights_sitenote_active":false,"_monsterinsights_sitenote_note":"","_monsterinsights_sitenote_category":0,"footnotes":""},"categories":[2],"tags":[27,1421,3783,69],"class_list":["post-9921","post","type-post","status-publish","format-standard","has-post-thumbnail","hentry","category-vijesti","tag-grad-banja-luka","tag-omladinski-centar","tag-posjeta","tag-zdravo-da-ste"],"jetpack_featured_media_url":"https:\/\/www.mladibl.com\/wp-content\/uploads\/2021\/06\/Predstavnici-Grada-Banja-Luka-posjetili-OC-\u201eZdravo-da-ste.jpg","amp_enabled":true,"_links":{"self":[{"href":"https:\/\/www.mladibl.com\/index.php?rest_route=\/wp\/v2\/posts\/9921","targetHints":{"allow":["GET"]}}],"collection":[{"href":"https:\/\/www.mladibl.com\/index.php?rest_route=\/wp\/v2\/posts"}],"about":[{"href":"https:\/\/www.mladibl.com\/index.php?rest_route=\/wp\/v2\/types\/post"}],"author":[{"embeddable":true,"href":"https:\/\/www.mladibl.com\/index.php?rest_route=\/wp\/v2\/users\/1"}],"replies":[{"embeddable":true,"href":"https:\/\/www.mladibl.com\/index.php?rest_route=%2Fwp%2Fv2%2Fcomments&post=9921"}],"version-history":[{"count":1,"href":"https:\/\/www.mladibl.com\/index.php?rest_route=\/wp\/v2\/posts\/9921\/revisions"}],"predecessor-version":[{"id":9923,"href":"https:\/\/www.mladibl.com\/index.php?rest_route=\/wp\/v2\/posts\/9921\/revisions\/9923"}],"wp:featuredmedia":[{"embeddable":true,"href":"https:\/\/www.mladibl.com\/index.php?rest_route=\/wp\/v2\/media\/9922"}],"wp:attachment":[{"href":"https:\/\/www.mladibl.com\/index.php?rest_route=%2Fwp%2Fv2%2Fmedia&parent=9921"}],"wp:term":[{"taxonomy":"category","embeddable":true,"href":"https:\/\/www.mladibl.com\/index.php?rest_route=%2Fwp%2Fv2%2Fcategories&post=9921"},{"taxonomy":"post_tag","embeddable":true,"href":"https:\/\/www.mladibl.com\/index.php?rest_route=%2Fwp%2Fv2%2Ftags&post=9921"}],"curies":[{"name":"wp","href":"https:\/\/api.w.org\/{rel}","templated":true}]}}