{"id":9885,"date":"2021-06-08T09:34:04","date_gmt":"2021-06-08T07:34:04","guid":{"rendered":"https:\/\/www.mladibl.com\/?p=9885"},"modified":"2021-06-08T09:34:06","modified_gmt":"2021-06-08T07:34:06","slug":"ministar-rajcevic-pozvao-maturante-da-studiraju-na-javnim-univerzitetima-u-republici-srpskoj","status":"publish","type":"post","link":"https:\/\/www.mladibl.com\/?p=9885","title":{"rendered":"Ministar Raj\u010devi\u0107 pozvao maturante da studiraju na javnim univerzitetima u Republici Srpskoj"},"content":{"rendered":"\n<p>\u200bMinistar za nau\u010dnotehnolo\u0161ki razvoj, visoko obrazovanje i informaciono dru\u0161tvo Republike Srpske Sr\u0111an Raj\u010devi\u0107 pozvao je sve svr\u0161ene srednjo\u0161kolce u Srpskoj da \u0161kolovanje u predstoje\u0107oj akademskoj 2021\/2022. godini nastave na jednom od dva javna univerziteta u Republici Srpskoj.<\/p>\n\n\n\n<p>Zahvaljuju\u0107i usvajanju novog Zakona o visokom obrazovanju, koji je stupio na snagu u julu pro\u0161le godine, studenti javnih univerziteta koji prvi put upisuju prvi ili drugi ciklus studija ostvaruju pravo na besplatno studiranje na fakultetima dva javna univerziteta u Srpskoj, koji su akreditovani i priznati u svijetu.<\/p>\n\n\n\n<p>\u201eDragi maturanti, odlu\u010dili ste da nastavite \u0161kolovanje i vjerujte da ste napravili najbolji mogu\u0107i izbor. U Vladi Republike Srpske \u010dinimo sve da vam taj izbor olak\u0161amo, a va\u0161u budu\u0107nost u\u010dinimo \u0161to svjetlijom. I ove godine vas o\u010dekuje besplatno \u0161kolovanje za sve vas koji \u0107ete, uvjeren sam, biti odli\u010dni studenti. Prirodne, dru\u0161tvene, tehni\u010dke, humanisti\u010dke i umjetni\u010dke nauke, sve vas to \u010deka u okviru fakulteta dva na\u0161a javna univerziteta. Zato i ove godine upi\u0161ite fakultete na univerzitetima u Banjoj Luci i Isto\u010dnom Sarajevu, jer sa tim \u010dinite najbolji izbor za sebe&#8221;, rekao je ministar Sr\u0111an Raj\u010devi\u0107 i po\u017eelio maturantima svu sre\u0107u na budu\u0107im studijima.<\/p>\n\n\n\n<p>Tri nivoa akademskog obrazovanja na javnim univerzitetima, od kojih prva dva mogu biti i strukovni studiji, uskla\u0111eni su sa Evropskim kvalifikacionim okvirom. Prepoznat je i zna\u010daj povezivanja nauke i privrede \u0161to doprinosi komercijalizaciji znanja, ali i davanja vi\u0161e mogu\u0107nosti zapo\u0161ljavanja u doma\u0107im institucijama i kompanijama nakon zavr\u0161etka studija.<\/p>\n\n\n\n<p>Prednost izbora doma\u0107ih fakulteta je i \u0161to oba univerziteta u Srpskoj u\u010destvuju u ERASMUS+ programu, koji omogu\u0107ava studentima stipendiju za usavr\u0161avanje na nekom od evropskih univerziteta.<\/p>\n\n\n\n<p>\u201eU akademskoj 2020\/2021. godini na javne univerzitete u Srpskoj upisano je 658 studenta vi\u0161e u odnosu na prethodnu godinu \u0161to dokazuje da su na\u0161i napori u cilju podizanja i kontinuiranog osiguranja kvaliteta u visokom obrazovanju prepoznati. Nadamo se da \u0107e trend pove\u0107anja studenata na doma\u0107im studijskim programima biti nastavljen i ove godine&#8221; istakao je ministar Raj\u010devi\u0107.<\/p>\n\n\n\n<figure class=\"wp-block-embed is-type-rich is-provider-twitter wp-block-embed-twitter\"><div class=\"wp-block-embed__wrapper\">\n<blockquote class=\"twitter-tweet\" data-width=\"550\" data-dnt=\"true\"><p lang=\"sr\" dir=\"ltr\">\u041f\u043e\u0440\u0443\u043a\u0430 \u0438 \u043f\u043e\u0437\u0438\u0432 \u0431\u0443\u0434\u0443\u045b\u0438\u043c \u0441\u0442\u0443\u0434\u0435\u043d\u0442\u0438\u043c\u0430: \u041e\u0434\u0430\u0431\u0435\u0440\u0438\u0442\u0435 \u043d\u0430\u0458\u0431\u043e\u0459\u0435 \u0437\u0430 \u0441\u0435\u0431\u0435! <a href=\"https:\/\/t.co\/zIHIXJ8e8w\">pic.twitter.com\/zIHIXJ8e8w<\/a><\/p>&mdash; Srdjan Rajcevic \/ \u0421\u0440\u0452\u0430\u043d \u0420\u0430\u0458\u0447\u0435\u0432\u0438\u045b (@rsrdjan) <a href=\"https:\/\/twitter.com\/rsrdjan\/status\/1401854375312695298?ref_src=twsrc%5Etfw\">June 7, 2021<\/a><\/blockquote><script async src=\"https:\/\/platform.twitter.com\/widgets.js\" charset=\"utf-8\"><\/script>\n<\/div><\/figure>\n\n\n\n<p>Preuzeto sa: <a href=\"https:\/\/vladars.net\/sr-SP-Cyrl\/Vlada\/Ministarstva\/mnk\/media\/vijesti\/Pages\/poziv-ministra-studentima.aspx\" target=\"_blank\" rel=\"noreferrer noopener\">Ministarstvo za nau\u010dnotehnolo\u0161ki razvoj, visoko obrazovanje i informaciono dru\u0161tvo<\/a><\/p>\n","protected":false},"excerpt":{"rendered":"<p>\u200bMinistar za nau\u010dnotehnolo\u0161ki razvoj, visoko obrazovanje i informaciono dru\u0161tvo Republike Srpske Sr\u0111an Raj\u010devi\u0107 pozvao je sve svr\u0161ene srednjo\u0161kolce u Srpskoj<\/p>\n","protected":false},"author":1,"featured_media":9886,"comment_status":"closed","ping_status":"open","sticky":false,"template":"","format":"standard","meta":{"om_disable_all_campaigns":false,"_monsterinsights_skip_tracking":false,"_monsterinsights_sitenote_active":false,"_monsterinsights_sitenote_note":"","_monsterinsights_sitenote_category":0,"footnotes":""},"categories":[31],"tags":[2427,355,130,419,62,579],"class_list":["post-9885","post","type-post","status-publish","format-standard","has-post-thumbnail","hentry","category-ministarstva","tag-javni-univerziteti","tag-poziv","tag-republika-srpska","tag-srdan-rajcevic","tag-studenti","tag-studiranje"],"jetpack_featured_media_url":"https:\/\/www.mladibl.com\/wp-content\/uploads\/2021\/06\/Rajcevic_-Poziv-maturantima-da-studiraju-na-javnim-univerzitetima-u-Srpskoj.jpg","amp_enabled":true,"_links":{"self":[{"href":"https:\/\/www.mladibl.com\/index.php?rest_route=\/wp\/v2\/posts\/9885","targetHints":{"allow":["GET"]}}],"collection":[{"href":"https:\/\/www.mladibl.com\/index.php?rest_route=\/wp\/v2\/posts"}],"about":[{"href":"https:\/\/www.mladibl.com\/index.php?rest_route=\/wp\/v2\/types\/post"}],"author":[{"embeddable":true,"href":"https:\/\/www.mladibl.com\/index.php?rest_route=\/wp\/v2\/users\/1"}],"replies":[{"embeddable":true,"href":"https:\/\/www.mladibl.com\/index.php?rest_route=%2Fwp%2Fv2%2Fcomments&post=9885"}],"version-history":[{"count":1,"href":"https:\/\/www.mladibl.com\/index.php?rest_route=\/wp\/v2\/posts\/9885\/revisions"}],"predecessor-version":[{"id":9887,"href":"https:\/\/www.mladibl.com\/index.php?rest_route=\/wp\/v2\/posts\/9885\/revisions\/9887"}],"wp:featuredmedia":[{"embeddable":true,"href":"https:\/\/www.mladibl.com\/index.php?rest_route=\/wp\/v2\/media\/9886"}],"wp:attachment":[{"href":"https:\/\/www.mladibl.com\/index.php?rest_route=%2Fwp%2Fv2%2Fmedia&parent=9885"}],"wp:term":[{"taxonomy":"category","embeddable":true,"href":"https:\/\/www.mladibl.com\/index.php?rest_route=%2Fwp%2Fv2%2Fcategories&post=9885"},{"taxonomy":"post_tag","embeddable":true,"href":"https:\/\/www.mladibl.com\/index.php?rest_route=%2Fwp%2Fv2%2Ftags&post=9885"}],"curies":[{"name":"wp","href":"https:\/\/api.w.org\/{rel}","templated":true}]}}