{"id":9815,"date":"2021-06-04T00:53:29","date_gmt":"2021-06-03T22:53:29","guid":{"rendered":"https:\/\/www.mladibl.com\/?p=9815"},"modified":"2021-06-04T00:53:30","modified_gmt":"2021-06-03T22:53:30","slug":"strucno-osposobljavanje-u-organima-uprave-za-34-studenta-generacije","status":"publish","type":"post","link":"https:\/\/www.mladibl.com\/?p=9815","title":{"rendered":"Stru\u010dno osposobljavanje u organima uprave za 34 studenta generacije"},"content":{"rendered":"\n<p>Vlada Republike Srpske ove godine \u0107e omogu\u0107iti stru\u010dno osposobljavanje u organima uprave za 34 studenta generacije sa dva javna univerziteta u Republici Srpskoj, u akademskoj 2019\/2020. godini.<\/p>\n\n\n\n<p>Ova odluka, koja je usvojena na dana\u0161njoj sjednici Vlade, usmjerena je ka tome da se najkvalitetniji i najtalentovaniji mladi ljudi, odnosno studenti generacije, zadr\u017ee u Republici Srpskoj.<\/p>\n\n\n\n<p>Razlog za dono\u0161enje odluke nalazi se u potrebi da se podstaknu najbolji studenti u Republici Srpskoj da svoj potencijal unapre\u0111uju i ostvaruju rezultate po kojima \u0107e biti prepoznati i \u010dija \u0107e ste\u010dena znanja biti osnova za razvoj Republike Srpske, saop\u0161teno je iz Biroa Vlade Srpske za odnose s javno\u0161\u0107u.<\/p>\n\n\n\n<p>Projekat zapo\u0161ljavanja najboljih studenata koji se realizuje nekoliko godina, pokazao je odli\u010dne rezultate i mnogi od studenata su zavr\u0161ili pripravni\u010dki sta\u017e u organima javne uprave i stekli neophodno radno iskustvo koje im je potrebno za zaposlenje.<\/p>\n\n\n\n<p>Ovom odlukom obezbje\u0111uje se stru\u010dno osposobljavanje najboljim studentima javnih univerziteta akademske 2019\/2020. godine, u skladu sa podacima Ministarstva za nau\u010dnotehnolo\u0161ki razvoj, visoko obrazovanje i informaciono dru\u0161tvo, koji do dana stupanja na snagu ove odluke nisu zasnovali radni odnos.<\/p>\n\n\n\n<p>Svi republi\u010dki organi uprave, javna preduze\u0107a i javne ustanove zadu\u017eeni su da u skladu sa svojim djelatnostima i potrebnim stru\u010dnim kadrom obezbijede stru\u010dno osposobljavanje studentima iz ove odluke.<\/p>\n\n\n\n<p>Vlada je danas prihvatila informaciju o izdvajanju sredstava za implementaciju aktivnosti utvr\u0111enih Strategijom razvoja kulture Republike Srpske od 2017. do 2022. godine.<\/p>\n\n\n\n<p>Vlada je zadu\u017eila Ministarstvo prosvjete i kulture da iz granta namijenjenog za finansiranje projekata i programa, u skladu sa Zakonom o igrama na sre\u0107u, izdvoji potrebna sredstva za realizaciju projekta &#8220;Kultura bez barijera&#8221; u devet ustanova kulture u Republici Srpskoj, te projekta &#8220;Resursni centar Brajevog pisma&#8221; Saveza slijepih Republike Srpske.<\/p>\n\n\n\n<p>Projekat &#8220;Kultura bez barijera&#8221; podrazumijeva uklanjanje fizi\u010dkih barijera, odnosno omogu\u0107avanje pristupa ustanovama kulture licima sa invaliditetom, te doprinosi pobolj\u0161anju statusa ovih lica u zadovoljavanju njihovih kulturnih, intelektualnih i kreativnih potreba.<\/p>\n\n\n\n<p>Projekat \u0107e biti realizovan u Muzeju Hercegovine Trebinje, u Srebrenici u Arheolo\u0161kom muzeju &#8220;Rimski Municipijum&#8221; i u Narodnoj biblioteci, u Domu kulture &#8220;Filip Vi\u0161nji\u0107&#8221; u \u010cajni\u010du, U Gradi\u0161ci u Zavi\u010dajnom muzeju, Sokolskom domu i Narodnoj biblioteci, u Centru za kulturu i sport &#8220;Radenko Mi\u0161evi\u0107&#8221; u Rogatici i u Narodnoj biblioteci Mili\u0107i.<\/p>\n\n\n\n<p>S ciljem unapre\u0111enja pristupa Brajevom pismu, projektom Saveza slijepih planirano je formiranje Resursnog centra za Brajevo pismo, razvoj programa obuke u primjeni Brajeve \u0161tampe i drugih alata i aplikacija za potrebe slijepih i slabovidih lica.<\/p>\n\n\n\n<p>Preuzeto sa: <a href=\"https:\/\/lat.rtrs.tv\/vijesti\/vijest.php?id=434149\" target=\"_blank\" rel=\"noreferrer noopener\">RTRS<\/a><\/p>\n","protected":false},"excerpt":{"rendered":"<p>Vlada Republike Srpske ove godine \u0107e omogu\u0107iti stru\u010dno osposobljavanje u organima uprave za 34 studenta generacije sa dva javna univerziteta<\/p>\n","protected":false},"author":1,"featured_media":9816,"comment_status":"closed","ping_status":"open","sticky":false,"template":"","format":"standard","meta":{"om_disable_all_campaigns":false,"_monsterinsights_skip_tracking":false,"_monsterinsights_sitenote_active":false,"_monsterinsights_sitenote_note":"","_monsterinsights_sitenote_category":0,"footnotes":""},"categories":[13],"tags":[5112,5111,4808,72],"class_list":["post-9815","post","type-post","status-publish","format-standard","has-post-thumbnail","hentry","category-studenti","tag-organi-uprave","tag-strucno-osposobljavanje","tag-studenti-generacije","tag-vlada-republike-srpske"],"jetpack_featured_media_url":"https:\/\/www.mladibl.com\/wp-content\/uploads\/2021\/06\/Strucno-osposobljavanje-u-organima-uprave-za-34-studenta-generacije.jpg","amp_enabled":true,"_links":{"self":[{"href":"https:\/\/www.mladibl.com\/index.php?rest_route=\/wp\/v2\/posts\/9815","targetHints":{"allow":["GET"]}}],"collection":[{"href":"https:\/\/www.mladibl.com\/index.php?rest_route=\/wp\/v2\/posts"}],"about":[{"href":"https:\/\/www.mladibl.com\/index.php?rest_route=\/wp\/v2\/types\/post"}],"author":[{"embeddable":true,"href":"https:\/\/www.mladibl.com\/index.php?rest_route=\/wp\/v2\/users\/1"}],"replies":[{"embeddable":true,"href":"https:\/\/www.mladibl.com\/index.php?rest_route=%2Fwp%2Fv2%2Fcomments&post=9815"}],"version-history":[{"count":1,"href":"https:\/\/www.mladibl.com\/index.php?rest_route=\/wp\/v2\/posts\/9815\/revisions"}],"predecessor-version":[{"id":9817,"href":"https:\/\/www.mladibl.com\/index.php?rest_route=\/wp\/v2\/posts\/9815\/revisions\/9817"}],"wp:featuredmedia":[{"embeddable":true,"href":"https:\/\/www.mladibl.com\/index.php?rest_route=\/wp\/v2\/media\/9816"}],"wp:attachment":[{"href":"https:\/\/www.mladibl.com\/index.php?rest_route=%2Fwp%2Fv2%2Fmedia&parent=9815"}],"wp:term":[{"taxonomy":"category","embeddable":true,"href":"https:\/\/www.mladibl.com\/index.php?rest_route=%2Fwp%2Fv2%2Fcategories&post=9815"},{"taxonomy":"post_tag","embeddable":true,"href":"https:\/\/www.mladibl.com\/index.php?rest_route=%2Fwp%2Fv2%2Ftags&post=9815"}],"curies":[{"name":"wp","href":"https:\/\/api.w.org\/{rel}","templated":true}]}}