{"id":9812,"date":"2021-06-04T00:51:13","date_gmt":"2021-06-03T22:51:13","guid":{"rendered":"https:\/\/www.mladibl.com\/?p=9812"},"modified":"2021-06-04T00:51:14","modified_gmt":"2021-06-03T22:51:14","slug":"viteski-festival-kastrum-u-subotu-na-kastelu","status":"publish","type":"post","link":"https:\/\/www.mladibl.com\/?p=9812","title":{"rendered":"Vite\u0161ki festival Kastrum u subotu na Kastelu"},"content":{"rendered":"\n<p>Vite\u0161ki festival Kastrum 2021 bi\u0107e odr\u017ean u subotu, 5. juna, sa po\u010detkom u 12 \u010dasova kada je predvi\u0111eno okupljanje i predstavljanje Vite\u0161kog reda.<\/p>\n\n\n\n<p>-Predstavi\u0107emo Vite\u0161ki red, kratki film o Vite\u0161kom redu i Kastrumu, bohurt borbu, streli\u010darstvo, te na\u0161 bratski Vite\u0161ki red \u201eBeli orlovi\u201c, iz Srbije. Tako\u0111e, ovo \u0107e biti uvod u aktivnosti u toku 2021. godine, najava pokretanja na\u0161eg Jutjub kanala, te najava Vite\u0161kog festivala Kastrum 2022 \u2013 poru\u010dio je organizator Vite\u0161ki red \u201e\u010cuvari koplja Svetog Georgija\u201c.<\/p>\n\n\n\n<p>U kulturnom dijelu programa u\u010destvova\u0107e \u0110ur\u0111a Vuka\u0161inovi\u0107 i Ana Jovanovi\u0107.<\/p>\n\n\n\n<p>Grad Banja Luka je podr\u017eao ovu manifestaciju putem Kalendara kulturnih manifestacija za 2021. godinu.<\/p>\n\n\n\n<p>Tako\u0111e istu je uklju\u010dio u European Fortress Summer, koja promovi\u0161e kulturno-zabavne doga\u0111aje na tvr\u0111avama \u0161irom Evrope, a koju organizuje Evropska federacija tvr\u0111ava i fortifikacijskih objekata sa sjedi\u0161tem u Briselu.<\/p>\n\n\n\n<p>-Na ovaj na\u010din promovi\u0161emo Grad i Kastel kao kulturno dobro i najstariji istorijski spomenik u Banjoj Luci \u2013 rekli su iz Odjeljenja za kulturu, turizam i socijalnu politiku.<\/p>\n\n\n\n<p>Naime, Vite\u0161ki red \u201e\u010cuvari koplja Svetog Georgija\u201c djeluje na polju o\u010duvanja kulturne i istorijske ba\u0161tine srpskog naroda u Republici Srpskoj.<\/p>\n\n\n\n<p>-\u017delja nam je i namjera da s vremenom, festival Kastrum postane tradicionalana manifestacija, koja \u0107e ravnopravno da parira sli\u010dnim festivalima u okru\u017eenju, te da kontinuirano doprinosi promociji na\u0161ih vrijednosti, istorije, tradicije i bogate kulturne ba\u0161tine, u Banjoj Luci, Republici Srpskoj, ali i \u0161ire \u2013 poru\u010dili su.<\/p>\n\n\n\n<p>Zbog ograni\u010denog broja posjetilaca, potrebno je dolazak na Kastrum potvrditi putem telefona, na broj: 065\/850-300.<\/p>\n\n\n\n<figure class=\"wp-block-image size-large\"><img decoding=\"async\" src=\"https:\/\/www.banjaluka.rs.ba\/wp-content\/uploads\/2021\/06\/logo.jpg\" alt=\"\"\/><\/figure>\n\n\n\n<p>Preuzeto sa: <a href=\"https:\/\/www.banjaluka.rs.ba\/viteski-festival-kastrum-u-subotu-na-kastelu\/\" target=\"_blank\" rel=\"noreferrer noopener\">Grad Banja Luka<\/a><\/p>\n","protected":false},"excerpt":{"rendered":"<p>Vite\u0161ki festival Kastrum 2021 bi\u0107e odr\u017ean u subotu, 5. juna, sa po\u010detkom u 12 \u010dasova kada je predvi\u0111eno okupljanje i<\/p>\n","protected":false},"author":1,"featured_media":9813,"comment_status":"closed","ping_status":"open","sticky":false,"template":"","format":"standard","meta":{"om_disable_all_campaigns":false,"_monsterinsights_skip_tracking":false,"_monsterinsights_sitenote_active":false,"_monsterinsights_sitenote_note":"","_monsterinsights_sitenote_category":0,"footnotes":""},"categories":[2],"tags":[53,465,5110,5109],"class_list":["post-9812","post","type-post","status-publish","format-standard","has-post-thumbnail","hentry","category-vijesti","tag-banja-luka","tag-kastel","tag-kastrum","tag-viteski-festival"],"jetpack_featured_media_url":"https:\/\/www.mladibl.com\/wp-content\/uploads\/2021\/06\/Viteski-festival-Kastrum-u-subotu-na-Kastelu.jpg","amp_enabled":true,"_links":{"self":[{"href":"https:\/\/www.mladibl.com\/index.php?rest_route=\/wp\/v2\/posts\/9812","targetHints":{"allow":["GET"]}}],"collection":[{"href":"https:\/\/www.mladibl.com\/index.php?rest_route=\/wp\/v2\/posts"}],"about":[{"href":"https:\/\/www.mladibl.com\/index.php?rest_route=\/wp\/v2\/types\/post"}],"author":[{"embeddable":true,"href":"https:\/\/www.mladibl.com\/index.php?rest_route=\/wp\/v2\/users\/1"}],"replies":[{"embeddable":true,"href":"https:\/\/www.mladibl.com\/index.php?rest_route=%2Fwp%2Fv2%2Fcomments&post=9812"}],"version-history":[{"count":1,"href":"https:\/\/www.mladibl.com\/index.php?rest_route=\/wp\/v2\/posts\/9812\/revisions"}],"predecessor-version":[{"id":9814,"href":"https:\/\/www.mladibl.com\/index.php?rest_route=\/wp\/v2\/posts\/9812\/revisions\/9814"}],"wp:featuredmedia":[{"embeddable":true,"href":"https:\/\/www.mladibl.com\/index.php?rest_route=\/wp\/v2\/media\/9813"}],"wp:attachment":[{"href":"https:\/\/www.mladibl.com\/index.php?rest_route=%2Fwp%2Fv2%2Fmedia&parent=9812"}],"wp:term":[{"taxonomy":"category","embeddable":true,"href":"https:\/\/www.mladibl.com\/index.php?rest_route=%2Fwp%2Fv2%2Fcategories&post=9812"},{"taxonomy":"post_tag","embeddable":true,"href":"https:\/\/www.mladibl.com\/index.php?rest_route=%2Fwp%2Fv2%2Ftags&post=9812"}],"curies":[{"name":"wp","href":"https:\/\/api.w.org\/{rel}","templated":true}]}}