{"id":9809,"date":"2021-06-04T00:48:47","date_gmt":"2021-06-03T22:48:47","guid":{"rendered":"https:\/\/www.mladibl.com\/?p=9809"},"modified":"2021-06-04T00:48:49","modified_gmt":"2021-06-03T22:48:49","slug":"dani-vlade-milosevica-od-7-do-15-juna","status":"publish","type":"post","link":"https:\/\/www.mladibl.com\/?p=9809","title":{"rendered":"\u201eDani Vlade Milo\u0161evi\u0107a\u201c od 7. do 15. juna"},"content":{"rendered":"\n<p>Dvadeseta manifestacija \u201eDani Vlade Milo\u0161evi\u0107a\u201c pod nazivom \u201eUprkos svemu\u201c bi\u0107e odr\u017eana od 7. do 15. juna u na\u0161em gradu na vi\u0161e lokacija.<\/p>\n\n\n\n<p>Dekan Akademije umjetnosti Univerziteta u Banjoj Luci Dragana Purkovi\u0107 Macan rekla je da ova visoko\u0161kolska ustanova manifestaciju organizuje zajedno sa Muzikolo\u0161kim dru\u0161tvom Republike Srpske.<\/p>\n\n\n\n<p>Ona je na konferenciji za novinare zahvalila tradicionalnim pokroviteljima manifestacije Ministarstvu prosvjete i kulture Republike Srpske i Gradu Banjoj Luci, te prijatelju manifestacije kompaniji \u201eM:tel\u201c.<\/p>\n\n\n\n<p>U ime Grada Banja Luka, Nevena Blagojevi\u0107 \u2013 Podri\u0107 iz Odjeljenja za kulturu, turizam i socijalnu politiku rekla je da je Grad i ove godine podr\u017eao ovu manifestaciju, te izrazila zadovoljstvo \u0161to je Akademija umjetnosti uspjela da organizuje ovaj doga\u0111aj.<\/p>\n\n\n\n<p>-Uvr\u0161tena je u Kalendar kultuirnih manifestacija grada Banja Luka i ponosni smo na njeno trajanje \u2013 navela je ona.<\/p>\n\n\n\n<p>Na ovaj na\u010din, kako je istakla \u2013 iz Banje Luke \u0161aljemo poruku da iako svjesni \u010dinjenice da se suo\u010davamo sa problemom pandemije virusa korona, \u017eivot ne smije stati i da uz odgovorno pona\u0161anje mo\u017eemo i moramo izna\u0107i na\u010din kako da \u017eivimo sa ovim globalnim problemom i istovremeno na\u0161im sugra\u0111anima pru\u017eimo kvaliteniji nivo \u017eivota duhovni i nematerijalni \u2013 bez kojeg ne mo\u017eemo opstati.<\/p>\n\n\n\n<p>Manifestacija \u201eDani Vlade Milo\u0161evi\u0107a\u201c odr\u017eava se od 2000. godine, a ustanovljena je povodom obilje\u017eavanja godi\u0161njice ro\u0111enja ovog akademika, kompozitora, etnomuzikologa i pedagoga.<\/p>\n\n\n\n<p>Kompletan program pogledajte <strong><a href=\"https:\/\/www.banjaluka.rs.ba\/wp-content\/uploads\/2021\/06\/Programski-plakat-Dana-Vlade-S.-Milosevica-2021..pdf\" target=\"_blank\" rel=\"noreferrer noopener\">OVDJE<\/a><\/strong>.<\/p>\n\n\n\n<p>Preuzeto sa: <a href=\"https:\/\/www.banjaluka.rs.ba\/dani-vlade-milosevica-od-07-do-15-juna\/\" target=\"_blank\" rel=\"noreferrer noopener\">Grad Banja Luka<\/a><\/p>\n","protected":false},"excerpt":{"rendered":"<p>Dvadeseta manifestacija \u201eDani Vlade Milo\u0161evi\u0107a\u201c pod nazivom \u201eUprkos svemu\u201c bi\u0107e odr\u017eana od 7. do 15. juna u na\u0161em gradu na<\/p>\n","protected":false},"author":1,"featured_media":9810,"comment_status":"closed","ping_status":"open","sticky":false,"template":"","format":"standard","meta":{"om_disable_all_campaigns":false,"_monsterinsights_skip_tracking":false,"_monsterinsights_sitenote_active":false,"_monsterinsights_sitenote_note":"","_monsterinsights_sitenote_category":0,"footnotes":""},"categories":[2],"tags":[53,2399,2555,5108],"class_list":["post-9809","post","type-post","status-publish","format-standard","has-post-thumbnail","hentry","category-vijesti","tag-banja-luka","tag-dani-vlade-s-milosevica","tag-manifestacija","tag-uprkos-svemu"],"jetpack_featured_media_url":"https:\/\/www.mladibl.com\/wp-content\/uploads\/2021\/06\/\u201eDani-Vlade-Milosevica-od-7.-do-15.-juna.jpg","amp_enabled":true,"_links":{"self":[{"href":"https:\/\/www.mladibl.com\/index.php?rest_route=\/wp\/v2\/posts\/9809","targetHints":{"allow":["GET"]}}],"collection":[{"href":"https:\/\/www.mladibl.com\/index.php?rest_route=\/wp\/v2\/posts"}],"about":[{"href":"https:\/\/www.mladibl.com\/index.php?rest_route=\/wp\/v2\/types\/post"}],"author":[{"embeddable":true,"href":"https:\/\/www.mladibl.com\/index.php?rest_route=\/wp\/v2\/users\/1"}],"replies":[{"embeddable":true,"href":"https:\/\/www.mladibl.com\/index.php?rest_route=%2Fwp%2Fv2%2Fcomments&post=9809"}],"version-history":[{"count":1,"href":"https:\/\/www.mladibl.com\/index.php?rest_route=\/wp\/v2\/posts\/9809\/revisions"}],"predecessor-version":[{"id":9811,"href":"https:\/\/www.mladibl.com\/index.php?rest_route=\/wp\/v2\/posts\/9809\/revisions\/9811"}],"wp:featuredmedia":[{"embeddable":true,"href":"https:\/\/www.mladibl.com\/index.php?rest_route=\/wp\/v2\/media\/9810"}],"wp:attachment":[{"href":"https:\/\/www.mladibl.com\/index.php?rest_route=%2Fwp%2Fv2%2Fmedia&parent=9809"}],"wp:term":[{"taxonomy":"category","embeddable":true,"href":"https:\/\/www.mladibl.com\/index.php?rest_route=%2Fwp%2Fv2%2Fcategories&post=9809"},{"taxonomy":"post_tag","embeddable":true,"href":"https:\/\/www.mladibl.com\/index.php?rest_route=%2Fwp%2Fv2%2Ftags&post=9809"}],"curies":[{"name":"wp","href":"https:\/\/api.w.org\/{rel}","templated":true}]}}