{"id":9770,"date":"2021-06-03T10:29:52","date_gmt":"2021-06-03T08:29:52","guid":{"rendered":"https:\/\/www.mladibl.com\/?p=9770"},"modified":"2021-06-03T10:29:53","modified_gmt":"2021-06-03T08:29:53","slug":"eko-setnja-u-subotu-na-bardaci","status":"publish","type":"post","link":"https:\/\/www.mladibl.com\/?p=9770","title":{"rendered":"EKO \u0160ETNJA u subotu na Barda\u010di"},"content":{"rendered":"\n<p>Povodom Me\u0111unarodnog dana za\u0161tite \u017eivotne sredine (05.06), Agencija za razvoj i saradnju CEREBRA zajedno sa partnerima organizuje tre\u0107u EKO-\u0160ETNJU!<\/p>\n\n\n\n<p>Tre\u0107a ovogodi\u0161nja EKO-\u0160ETNJA odr\u017ea\u0107e se u SUBOTU, 05.06.2021. godine sa po\u010detkom u 16 \u010dasova na Barda\u010di kod Srpca i polazi od Trening centra Prirodno \u2013 matemati\u010dkog fakulteta.<\/p>\n\n\n\n<p>Pozivamo sve koji \u017eele da se priklju\u010de akciji da sa sobom ponesu za\u0161titne maske, te udobnu odje\u0107u i obu\u0107u. Organizator obezbje\u0111uje rukavice i vre\u0107e za sme\u0107e. Za zainteresovane u\u010desnike iz Banjaluke i Lakta\u0161a osiguran je prevoz do Barda\u010de i nazad, te je potrebno da se javite organizatorima ukoliko \u017eelite u\u010destvovati u aktivnosti.<\/p>\n\n\n\n<p>EKO-\u0160ETNJA je pokret koji ima za cilj:<\/p>\n\n\n\n<ul class=\"wp-block-list\"><li>promociju zdravih stilova \u017eivota,<\/li><li>kvalitetnog provo\u0111enja slobodnog vremena,<\/li><li>uklju\u010divanje i afirmisanje mladih u dru\u0161tvenu zajednicu,<\/li><li>podsticanje ekolo\u0161ke osvje\u0161tenosti i<\/li><li>direktan uticaj na za\u0161titu \u017eivotne sredine.<\/li><\/ul>\n\n\n\n<p>\u0160etnja je otvorena za sve zainteresovane koji u dvo\u010dasovnom doga\u0111aju \u017eele da se upoznaju, dru\u017ee, rekreiraju i dorinesu smanjenju otpada.<\/p>\n\n\n\n<p>Podsje\u0107amo, cilj eko-\u0161etnje le\u017ei u nagla\u0161avanju va\u017enosti i o\u010duvanju kvaliteta okoli\u0161a i djelovanja na stvaranje ekolo\u0161ki svjesne, savjesne i dru\u0161tveno odgovorne sredine koja bi sve prirodne zanimljivosti sa\u010duvala kao jedinstvenu prirodnu vrijednost. Ja\u010danje svijesti gra\u0111ana i okoline o potrebi za\u0161tite i mudrog kori\u0161tenja njegovih prirodnih vrijednosti treba biti dugoro\u010dan zadatak svih nas.<\/p>\n\n\n\n<p>EKO-\u0160ETNJA poziva sve organizacije i pojedince voljne da pomognu i priklju\u010de akciji da nam se jave kako bi postali suorganizatori ove aktivnosti i kako bismo ovim pokretom o\u010distili na\u0161 grad i okolinu, ali i promovisali zdrave \u017eivotne navike i stilove, te kvalitetno provo\u0111enje slobodnog vremena.<\/p>\n\n\n\n<p>Za sva dodatna pitanja i informacije pi\u0161ite nam na mail: <strong><a href=\"mailto:ekosetnja2@gmail.com\" target=\"_blank\" rel=\"noreferrer noopener\">ekosetnja2@gmail.com<\/a><\/strong><\/p>\n\n\n\n<p>Vidimo se u subotu u 16h na Barda\u010di!<\/p>\n\n\n\n<p>Preuzeto sa: <a href=\"https:\/\/www.cerebra-ngo.com\/?p=1254\" target=\"_blank\" rel=\"noreferrer noopener\">CEREBRA NGO<\/a><\/p>\n","protected":false},"excerpt":{"rendered":"<p>Povodom Me\u0111unarodnog dana za\u0161tite \u017eivotne sredine (05.06), Agencija za razvoj i saradnju CEREBRA zajedno sa partnerima organizuje tre\u0107u EKO-\u0160ETNJU! Tre\u0107a<\/p>\n","protected":false},"author":1,"featured_media":9771,"comment_status":"closed","ping_status":"open","sticky":false,"template":"","format":"standard","meta":{"om_disable_all_campaigns":false,"_monsterinsights_skip_tracking":false,"_monsterinsights_sitenote_active":false,"_monsterinsights_sitenote_note":"","_monsterinsights_sitenote_category":0,"footnotes":""},"categories":[6],"tags":[4516,22,970,1600,894],"class_list":["post-9770","post","type-post","status-publish","format-standard","has-post-thumbnail","hentry","category-dogadjaji","tag-bardaca","tag-cerebra","tag-eko-setnja","tag-medunarodni-dan","tag-zastita-zivotne-sredine"],"jetpack_featured_media_url":"https:\/\/www.mladibl.com\/wp-content\/uploads\/2021\/06\/EKO-SETNJA-u-subotu-na-Bardaci.jpg","amp_enabled":true,"_links":{"self":[{"href":"https:\/\/www.mladibl.com\/index.php?rest_route=\/wp\/v2\/posts\/9770","targetHints":{"allow":["GET"]}}],"collection":[{"href":"https:\/\/www.mladibl.com\/index.php?rest_route=\/wp\/v2\/posts"}],"about":[{"href":"https:\/\/www.mladibl.com\/index.php?rest_route=\/wp\/v2\/types\/post"}],"author":[{"embeddable":true,"href":"https:\/\/www.mladibl.com\/index.php?rest_route=\/wp\/v2\/users\/1"}],"replies":[{"embeddable":true,"href":"https:\/\/www.mladibl.com\/index.php?rest_route=%2Fwp%2Fv2%2Fcomments&post=9770"}],"version-history":[{"count":1,"href":"https:\/\/www.mladibl.com\/index.php?rest_route=\/wp\/v2\/posts\/9770\/revisions"}],"predecessor-version":[{"id":9772,"href":"https:\/\/www.mladibl.com\/index.php?rest_route=\/wp\/v2\/posts\/9770\/revisions\/9772"}],"wp:featuredmedia":[{"embeddable":true,"href":"https:\/\/www.mladibl.com\/index.php?rest_route=\/wp\/v2\/media\/9771"}],"wp:attachment":[{"href":"https:\/\/www.mladibl.com\/index.php?rest_route=%2Fwp%2Fv2%2Fmedia&parent=9770"}],"wp:term":[{"taxonomy":"category","embeddable":true,"href":"https:\/\/www.mladibl.com\/index.php?rest_route=%2Fwp%2Fv2%2Fcategories&post=9770"},{"taxonomy":"post_tag","embeddable":true,"href":"https:\/\/www.mladibl.com\/index.php?rest_route=%2Fwp%2Fv2%2Ftags&post=9770"}],"curies":[{"name":"wp","href":"https:\/\/api.w.org\/{rel}","templated":true}]}}