{"id":974,"date":"2020-03-21T13:52:26","date_gmt":"2020-03-21T11:52:26","guid":{"rendered":"http:\/\/www.mladibl.com\/?p=974"},"modified":"2020-03-21T13:54:17","modified_gmt":"2020-03-21T11:54:17","slug":"dodik-u-srpskoj-se-od-veceras-uvodi-policijski-cas","status":"publish","type":"post","link":"https:\/\/www.mladibl.com\/?p=974","title":{"rendered":"Dodik: U Srpskoj se od ve\u010deras uvodi policijski \u010das"},"content":{"rendered":"\n<p>Srpski \u010dlan Predsjedni\u0161tva Milorad Dodik rekao je da se od ve\u010deras od 20 \u010dasova do pet ujutro uvodi zabrana kretanja za sve gra\u0111ane Republike Srpske.<\/p>\n\n\n\n<blockquote class=\"wp-block-quote is-layout-flow wp-block-quote-is-layout-flow\"><p>Svakodnevno analaiziramo i preporu\u010dujemo mjere. Od ve\u010deras od 20 \u010dasova do pet ujutru zabrana kretanja na cijelom podru\u010dju Republike Srpske. Uz pomo\u0107 MUP-a Srpske sprove\u0161\u0107emo ovu mjeru na pravi na\u010din.<\/p><cite>&#8211; ka\u017ee Dodik za ATV.<\/cite><\/blockquote>\n\n\n\n<p>Podvla\u010di da nema izlazaka iz ku\u0107a i stanova, da nema privatnih zabava.<\/p>\n\n\n\n<blockquote class=\"wp-block-quote is-layout-flow wp-block-quote-is-layout-flow\"><p>Ko ne bude ovo po\u0161tovao bi\u0107e ka\u017enjen, a minimalna kazna je 500 maraka. Bi\u0107e regulisano ko mo\u017ee da se kre\u0107e u tom periodu.<\/p><cite>&#8211; istakao je Dodik.<\/cite><\/blockquote>\n\n\n\n<p>Druga preporuka, isti\u010de on jeste da stariji od 65 godina ne izlaze iz ku\u0107e.<\/p>\n\n\n\n<blockquote class=\"wp-block-quote is-layout-flow wp-block-quote-is-layout-flow\"><p>Situacija je veoma ozbiljana. Ne\u0107emo dopustiti da nekoliko desetina neodgovornih gra\u0111ana, ugrozi veliku ve\u0107inu koja se pridr\u017eava svih naredbi. Mi smo prvi, ovdje po\u010deli da uvodimo mjere, ali to ne zna\u010di da smo se jo\u0161 odbranili. Preduprijedili smo mnoge stvari.<\/p><cite>&#8211; ka\u017ee Dodik.<\/cite><\/blockquote>\n\n\n\n<p>Preuzeto sa: <a href=\"https:\/\/lat.rtrs.tv\/vijesti\/vijest.php?id=375544\" target=\"_blank\" rel=\"noreferrer noopener\" aria-label=\"RTRS (opens in a new tab)\">RTRS<\/a><\/p>\n","protected":false},"excerpt":{"rendered":"<p>Srpski \u010dlan Predsjedni\u0161tva Milorad Dodik rekao je da se od ve\u010deras od 20 \u010dasova do pet ujutro uvodi zabrana kretanja<\/p>\n","protected":false},"author":1,"featured_media":977,"comment_status":"closed","ping_status":"open","sticky":false,"template":"","format":"standard","meta":{"om_disable_all_campaigns":false,"_monsterinsights_skip_tracking":false,"_monsterinsights_sitenote_active":false,"_monsterinsights_sitenote_note":"","_monsterinsights_sitenote_category":0,"footnotes":""},"categories":[2],"tags":[406,401,130],"class_list":["post-974","post","type-post","status-publish","format-standard","has-post-thumbnail","hentry","category-vijesti","tag-milorad-dodik","tag-policijski-cas","tag-republika-srpska"],"jetpack_featured_media_url":"https:\/\/www.mladibl.com\/wp-content\/uploads\/2020\/03\/U-Srpskoj-se-od-ve\u010deras-uvodi-policijski-\u010das-1.jpg","amp_enabled":true,"_links":{"self":[{"href":"https:\/\/www.mladibl.com\/index.php?rest_route=\/wp\/v2\/posts\/974","targetHints":{"allow":["GET"]}}],"collection":[{"href":"https:\/\/www.mladibl.com\/index.php?rest_route=\/wp\/v2\/posts"}],"about":[{"href":"https:\/\/www.mladibl.com\/index.php?rest_route=\/wp\/v2\/types\/post"}],"author":[{"embeddable":true,"href":"https:\/\/www.mladibl.com\/index.php?rest_route=\/wp\/v2\/users\/1"}],"replies":[{"embeddable":true,"href":"https:\/\/www.mladibl.com\/index.php?rest_route=%2Fwp%2Fv2%2Fcomments&post=974"}],"version-history":[{"count":1,"href":"https:\/\/www.mladibl.com\/index.php?rest_route=\/wp\/v2\/posts\/974\/revisions"}],"predecessor-version":[{"id":976,"href":"https:\/\/www.mladibl.com\/index.php?rest_route=\/wp\/v2\/posts\/974\/revisions\/976"}],"wp:featuredmedia":[{"embeddable":true,"href":"https:\/\/www.mladibl.com\/index.php?rest_route=\/wp\/v2\/media\/977"}],"wp:attachment":[{"href":"https:\/\/www.mladibl.com\/index.php?rest_route=%2Fwp%2Fv2%2Fmedia&parent=974"}],"wp:term":[{"taxonomy":"category","embeddable":true,"href":"https:\/\/www.mladibl.com\/index.php?rest_route=%2Fwp%2Fv2%2Fcategories&post=974"},{"taxonomy":"post_tag","embeddable":true,"href":"https:\/\/www.mladibl.com\/index.php?rest_route=%2Fwp%2Fv2%2Ftags&post=974"}],"curies":[{"name":"wp","href":"https:\/\/api.w.org\/{rel}","templated":true}]}}