{"id":9710,"date":"2021-06-01T09:02:23","date_gmt":"2021-06-01T07:02:23","guid":{"rendered":"https:\/\/www.mladibl.com\/?p=9710"},"modified":"2021-06-01T09:02:24","modified_gmt":"2021-06-01T07:02:24","slug":"poziv-za-ucesce-u-kampanji-ja-sadim-a-ti","status":"publish","type":"post","link":"https:\/\/www.mladibl.com\/?p=9710","title":{"rendered":"Poziv za u\u010de\u0161\u0107e u kampanji \u201cJa sadim, a ti?\u201d"},"content":{"rendered":"\n<p>Pozivamo sve vas koji\/e biste \u017eeljeli\/e napraviti svoj PRVI mini eko vrt u kojem mo\u017eete kombinirati povr\u0107e, vo\u0107e, ljekovito\/za\u010dinsko bilje i korisno cvije\u0107e. Ako \u017eivite u Bosni i Hercegovini, imate balkon, pristup terasi\/dvori\u0161tu ili malenoj oku\u0107nici, najosnovnija znanja u rukovanju smart telefonom ili ra\u010dunarom, imate Facebook profil i \u010dlan\/ica ste na\u0161e Facebook grupe \u201cJa sadim, a ti?\u201d i \u017eelite u\u010diti kako da njegujete uspje\u0161an vrt u skladu sa prirodom \u2013 onda ste vi na\u0161 pravi(a) kandidat(kinja)!<\/p>\n\n\n\n<p>\u00abJa sadim, a ti?\u00bb je kampanja namijenjena punoljetnim osobama koje NEMAJU ozbiljnog iskustva u proizvodnji hrane i NEMAJU ve\u0107 organiziran jestivi vrt da, uz podr\u0161ku, steknu prakti\u010dne vje\u0161tine efektnog uzgoja hrane na malim prostorima (uzgojne povr\u0161ine maksimalno 5 m2). Ukoliko ve\u0107 uzgajate hranu, molimo Vas da ne aplicirate i da dozvolite po\u010detnicima\/cama da se pridru\u017ee svijetu vrtlarenja.<\/p>\n\n\n\n<p>Podr\u0161ku u sticanju vje\u0161tina gra\u0111ani i gra\u0111anke \u0107e dobijati od Eko HUBa Mostar kojim koordinira UG \u201cNe\u0161to Vi\u0161e\u201d.<\/p>\n\n\n\n<p>U skladu sa trenutnom zdravstvenom situacijom, sve edukacije, mentorisanje i savjetovanja \u0107e se obavljati online. Dakle, iz udobnosti svoga doma mo\u017eete sticati nove vje\u0161tine, istovremeno ih primjenjuju\u0107i u svom novonastalom vrtu.<\/p>\n\n\n\n<p>Pedeset (50) po\u010detnika\/ca eko-vrtlara\/ica \u0107e dobiti besplatan edukativni paket sa biljkama\/sjemenima za po\u010detnike\/ice, koji \u0107e biti isporu\u010den na ku\u0107ne adrese. Svaki trud i rad treba cijeniti, a za one koji se najvi\u0161e potrude \u0107emo obezbijediti vrijedne nagrade. Dodatno, svi korisnici\/ce kampanje \u201cJa sadim, a ti?\u201d \u0107e naknadno dobiti individualizirane permakulturne planove, nakon usvojenih po\u010detnih znanja i aktivnog u\u010de\u0161\u0107a.<\/p>\n\n\n\n<p>\u0160ta tra\u017eimo od vas? Da preuzmete obavezu poslu\u0161ati snimljene edukacije u vremenu koje vama odgovara prije diskusija i pridru\u017eite se kratkim online diskusijama nove grupe na teme koje vas zanimaju, da nam se pridru\u017eite na Facebook grupi \u201cJa sadim, a ti?\u201d gdje \u0107emo razmjenjivati sve informacije, da redovito komunicirate sa mentorom i \u0161aljete nam fotografije i tra\u017eene detalje o prostoru za vrt, aktivno u\u010destvujete u stvaranju svog individualnog plana vrta, te nas nakon sadnje radujete fotografijama napretka i zatra\u017eite potrebne savjete. Tra\u017eimo da marite \u2013 za svoje zdravlje i na\u0161 zajedni\u010dki okoli\u0161.<\/p>\n\n\n\n<p>Od neorganiziranog prostora do uzgoja eko hrane, slijede\u0107i individualne savjete i promi\u0161ljanja, zaljubite se u mini vrtlarenje, ozelenite svoj \u017eivotni prostor i u\u017eivajte u ukusnim, zdravim plodovima svoga rada.<\/p>\n\n\n\n<p>Prijaviti se mo\u017eete na link <strong><a href=\"http:\/\/bit.ly\/Prijava_2_JSATI\" target=\"_blank\" rel=\"noreferrer noopener\">http:\/\/bit.ly\/Prijava_2_JSATI<\/a><\/strong> , a poziv je otvoren do 05.06.2021. do 17:00h, ili do popunjavanja broja mjesta.<br>Napomena: Za popunjavanje aplikacije, potrebno je da imate gmail account kako bi mogli da po\u0161aljete potrebne slike i skicu. Ukoliko nemate gmail account, mo\u017eete kreirati svoj vlastiti gmail account ili zamoliti nekoga da podijeli sa Vama svoj gmail account kako bi mogli da popunite prijavu.<\/p>\n\n\n\n<p>Razmatra\u0107e se samo aplikacije u kojima je odgovoreno na svako pitanje, te u kojim su dostavljene sve tra\u017eene fotografije i skica sa detaljima.<\/p>\n\n\n\n<p>Edukativni paket \u0107e sadr\u017eati materijale za sadnju do maksimalno 5 m2 sadnog prostora (balkon npr. mo\u017ee biti ve\u0107i, sadnim prostorom se smatra onaj u posudama). Ukoliko na bilo koje od pitanja odgovorite sa \u201cNe\u201d ili ve\u0107 imate solidno ili odli\u010dno znanje i iskustvo ili ve\u0107 imate organizirani jestivi vrt povr\u0161ine preko 5m2, smatra\u0107ete se kao aplikant\/ica koji\/a ne ispunjava uvjete za u\u010de\u0161\u0107e.<\/p>\n\n\n\n<p>\u201eMisli o prirodi!\u201c trogodi\u0161nji je projekat kojeg implementira Centar za promociju civilnog dru\u0161tva, a finansijski podr\u017eava \u0160vedska.<\/p>\n\n\n\n<p>Preuzeto sa: <a href=\"https:\/\/mislioprirodi.ba\/poziv-za-ucesce-u-kampanji-ja-sadim-a-ti\" target=\"_blank\" rel=\"noreferrer noopener\">mislioprirodi.ba<\/a><\/p>\n","protected":false},"excerpt":{"rendered":"<p>Pozivamo sve vas koji\/e biste \u017eeljeli\/e napraviti svoj PRVI mini eko vrt u kojem mo\u017eete kombinirati povr\u0107e, vo\u0107e, ljekovito\/za\u010dinsko bilje<\/p>\n","protected":false},"author":1,"featured_media":9711,"comment_status":"closed","ping_status":"open","sticky":false,"template":"","format":"standard","meta":{"om_disable_all_campaigns":false,"_monsterinsights_skip_tracking":false,"_monsterinsights_sitenote_active":false,"_monsterinsights_sitenote_note":"","_monsterinsights_sitenote_category":0,"footnotes":""},"categories":[370],"tags":[5075,1016,214,1756],"class_list":["post-9710","post","type-post","status-publish","format-standard","has-post-thumbnail","hentry","category-ostalo","tag-ja-sadim","tag-kampanja","tag-misli-o-prirodi","tag-poziv-za-ucesce"],"jetpack_featured_media_url":"https:\/\/www.mladibl.com\/wp-content\/uploads\/2021\/06\/Poziv-za-ucesce-u-kampanji-Ja-sadim-a-ti_.jpg","amp_enabled":true,"_links":{"self":[{"href":"https:\/\/www.mladibl.com\/index.php?rest_route=\/wp\/v2\/posts\/9710","targetHints":{"allow":["GET"]}}],"collection":[{"href":"https:\/\/www.mladibl.com\/index.php?rest_route=\/wp\/v2\/posts"}],"about":[{"href":"https:\/\/www.mladibl.com\/index.php?rest_route=\/wp\/v2\/types\/post"}],"author":[{"embeddable":true,"href":"https:\/\/www.mladibl.com\/index.php?rest_route=\/wp\/v2\/users\/1"}],"replies":[{"embeddable":true,"href":"https:\/\/www.mladibl.com\/index.php?rest_route=%2Fwp%2Fv2%2Fcomments&post=9710"}],"version-history":[{"count":1,"href":"https:\/\/www.mladibl.com\/index.php?rest_route=\/wp\/v2\/posts\/9710\/revisions"}],"predecessor-version":[{"id":9712,"href":"https:\/\/www.mladibl.com\/index.php?rest_route=\/wp\/v2\/posts\/9710\/revisions\/9712"}],"wp:featuredmedia":[{"embeddable":true,"href":"https:\/\/www.mladibl.com\/index.php?rest_route=\/wp\/v2\/media\/9711"}],"wp:attachment":[{"href":"https:\/\/www.mladibl.com\/index.php?rest_route=%2Fwp%2Fv2%2Fmedia&parent=9710"}],"wp:term":[{"taxonomy":"category","embeddable":true,"href":"https:\/\/www.mladibl.com\/index.php?rest_route=%2Fwp%2Fv2%2Fcategories&post=9710"},{"taxonomy":"post_tag","embeddable":true,"href":"https:\/\/www.mladibl.com\/index.php?rest_route=%2Fwp%2Fv2%2Ftags&post=9710"}],"curies":[{"name":"wp","href":"https:\/\/api.w.org\/{rel}","templated":true}]}}