{"id":9707,"date":"2021-06-01T08:59:35","date_gmt":"2021-06-01T06:59:35","guid":{"rendered":"https:\/\/www.mladibl.com\/?p=9707"},"modified":"2021-06-01T08:59:36","modified_gmt":"2021-06-01T06:59:36","slug":"poziv-za-ucesce-program-obuke-za-ocd-na-zapadnom-balkanu-i-turskoj-integracija-pristupa-zasnovanog-na-ljudskim-pravima-hrba-i-ravnopravnost-polova","status":"publish","type":"post","link":"https:\/\/www.mladibl.com\/?p=9707","title":{"rendered":"Poziv za u\u010de\u0161\u0107e \u2013 Program obuke za OCD na Zapadnom Balkanu i Turskoj \u2013 Integracija pristupa zasnovanog na ljudskim pravima (HRBA) i ravnopravnost polova"},"content":{"rendered":"\n<p>Cilj programa obuke je da pru\u017ei teorijsko i prakti\u010dno znanje organizacijama civilnog dru\u0161tva razli\u010ditog opsega:<\/p>\n\n\n\n<p>EU TACSO 3 projekat organizuje program on-line obuke \u201eINTEGRACIJA PRISTUPA ZASNOVANOG NA LJUDSKIM PRAVIMA (HUMAN RIGHTS BASED APPROACH (HRBA [1])) i ravnopravnosti polova (Gender Equality)\u201c za organizacije civilnog dru\u0161tva na zapadnom Balkanu i u Turskoj (VBT), koji uklju\u010duje obuke na regionalnom \/naprednom i osnovnom\/lokalnom nivou koji \u0107e se odr\u017eati tokom juna i jula 2021.<\/p>\n\n\n\n<p>ROK: PONEDELJAK, 7. JUN 2021<\/p>\n\n\n\n<p>1) OCD koje su specijalizovane za odre\u0111ena tematska podru\u010dja (npr. OCD koje imaju kapaciteta, nacionalne i regionalne mre\u017ee, organizacije koje dodeljuju grantove, pru\u017eaoci socijalnih usluga, pru\u017eaoci programa podizanja kapaciteta itd.) o tome kako da uvedu i usvoje pristup zasnovan na ljudskim pravima i ravnopravnosti polova u svim aspektima organizacionog rada i aktivnosti;<\/p>\n\n\n\n<p>2) OCD koje nemaju nikakvo ili imaju ograni\u010deno iskustvo u pristupu<br>zasnovanom na ljudskim pravima i ravnopravnosti polova, kao \u0161to su lokalne<br>OCD ili inicijative, ali i druge zainteresovane OCD.<\/p>\n\n\n\n<p>Obuka \u0107e obuhvatiti klju\u010dne principe pristupa zasnovanog na ljudskim pravima kao i izgradnju specifi\u010dnih kompetencija za integraciju pristupa zasnovanog na ljudskim pravima i ravnopravnosti polova u rad OCD. Obuka \u0107e tako\u0111e obuhvatiti primere i najbolje prakse u integraciji ovog pristupa.<\/p>\n\n\n\n<p>Specifi\u010dni ciljevi obuke su:<\/p>\n\n\n\n<p>Oja\u010dati organizacioni razvoj organizacija civilnog dru\u0161tva kako bi uklju\u010dile u interni rad perspektivu inkluzivnosti i ljudskih prava uzimaju\u0107i u obzir princip intersekcionalnosti prava;<\/p>\n\n\n\n<p>Podstaknuti usvajanje perspektive koja se zasniva na pravima i rodnoj ravnopravnosti u svim aktivnostima OCD, posebno aktivnostima humanitarne pomo\u0107i, dobrotvornih aktivnosti, pru\u017eanja usluga u kriznim situacijama itd. ;<\/p>\n\n\n\n<p>Doprineti pra\u0107enju aktivnosti organizacija civilnog dru\u0161tva kroz pru\u017eanje prakti\u010dne podr\u0161ke i smernica o glavnim principima i standardima pristupa zasnovanog na ljudskim pravima .<\/p>\n\n\n\n<p>_Molimo vas da prou\u010dite detaljan opis programa i prijavite se za sesiju koja odgovara iskustvu u primeni pristupa zasnovanog na ljudskim pravima i principima rodne ravnopravnosti kroz rad va\u0161e organizacije, lokacije i \u017eeljenog jezika. Svaka organizacija ima pravo da se prijavi samo za jednu sesiju.<\/p>\n\n\n\n<p>Program obuke sastoji se od:<\/p>\n\n\n\n<ol class=\"wp-block-list\"><li>REGIONALNE NAPREDNE OBUKE KOJA \u0106E SE ODR\u017dATI KROZ TRI UZASTOPNE POLUDNEVNE SESIJE 14, 15. I 16. JUNA 2021 I KOJA JE:<\/li><\/ol>\n\n\n\n<p>Organizovana na engleskom jeziku;<\/p>\n\n\n\n<p>Pokriva klju\u010dne principe pristupa zasnovanog na ljudskim pravima i izgradnju specifi\u010dnih kompetencija za integraciju pristupa zasnovanog na ljudskim pravima (HRBA) i ravnopravnosti polova u rad OCD. Obuka \u0107e tako\u0111e obuhvatiti primere i najbolje prakse primene HRBA;<\/p>\n\n\n\n<p>Posve\u0107ena organizacijama civilnog dru\u0161tva koje su specijalizovane za odre\u0111ena tematska podru\u010dja (npr. OCD koje imaju kapaciteta, nacionalne i regionalne mre\u017ee, organizacije koje dodeljuju grantove, pru\u017eaoci socijalnih usluga, pru\u017eaoci programa podizanja kapaciteta itd.).<\/p>\n\n\n\n<p>MENTORSKA PODR\u0160KA BI\u0106E DOSTUPNA DO 30. JUNA 2021. GODINE i uklju\u010diva\u0107e stru\u010dnu podr\u0161ku prakti\u010dnom radu polaznika regionalne napredne obuke, ve\u017ebanje ste\u010denih kompetencija i dobijanje povratnih informacija o mogu\u0107im pobolj\u0161anjima za budu\u0107i rad. Stru\u010dnjak \u0107e biti na raspolaganju organizacijama koje u\u010destvuju davanjem komentara i sugestija o tome kako pristup zasnovan na ljudskim pravima i rodnoj ravnopravnosti integrisati u svoju organizacionu strukturu, dokumente i procese.<\/p>\n\n\n\n<p>Kako bi se obezbedila delotvorna obuka sa dubinskim pristupom i prakti\u010dnim ve\u017ebama, broj odabranih mre\u017ea OCD, OCD koje dodeljuju grantove, pru\u017ealaca socijalnih usluga ili programa podizanja kapaciteta, za regionalnu obuku bi\u0107e ograni\u010den (na pribli\u017eno 20 mre\u017ea \/ organizacija).<\/p>\n\n\n\n<p>Svaka mre\u017ea OCD ili organizacija mo\u017ee se prijaviti da poha\u0111a obuku sa do dva predstavnika koja \u0107e prisustvovati regionalnoj obuci. O\u010dekuje se da predlo\u017eeni u\u010desnici rade direktno na zadacima koji doprinose uvo\u0111enju i usvajanju novih pristupa u organizacionoj kulturi i \/ ili pru\u017eanju usluga ciljnim grupama. Izbor \u0107e izvr\u0161iti EU TACSO 3 na osnovu slede\u0107ih kriterijuma:<\/p>\n\n\n\n<p>Organizacija pokazuje motivaciju za pove\u0107anje znanja i ve\u0161tina za integrisanje pristupa zasnovanog na ljudskim pravima i rodnoj ravnopravnosti;<\/p>\n\n\n\n<p>Organizacija jasno pokazuje potrebu i spremnost za uvo\u0111enje i usvajanje novih pristupa u organizacionoj kulturi i \/ ili pru\u017eanju usluga ciljnim grupama;<\/p>\n\n\n\n<p>Predlo\u017eeni u\u010desnici \/ predstavnici organizacije su direktno uklju\u010deni u aktivnosti koje doprinose kreiranju i uvo\u0111enju internih politika i procedura i usvajanje novih pristupa u organizacionoj kulturi i \/ ili njihovoj primeni u pru\u017eanju usluga ciljnim grupama.<\/p>\n\n\n\n<p>Regionalna obuka obuhvati\u0107e do 40 predstavnika regionalnih \/ nacionalnih OCD mre\u017ea i OCD koje dodeljuju grantove\/ pru\u017eaju socijalne usluge \/ sprovode programe izgradnje kapaciteta.<\/p>\n\n\n\n<p>Zainteresovane OCD koje su specijalizovane za odre\u0111ena tematska podru\u010dja (OCD koje imaju kapaciteta, nacionalne i regionalne mre\u017ee, organizacije koje dodeljuju grantove, pru\u017eaoci socijalnih usluga, pru\u017eaoci programa podizanja kapaciteta itd.) Treba da se prijave popunjavanjem i podno\u0161enjem FORMULARA ZA PRIJAVU [2] do ponedeljka 7.juna 2021.<\/p>\n\n\n\n<ol class=\"wp-block-list\" start=\"2\"><li>OBUKE ORGANIZOVANE NA LOKALNIM JEZICIMA U TRAJANJU OD DVE UZASTOPNE POLUDNEVNE SESIJE KOJE SU :<\/li><\/ol>\n\n\n\n<p>Organizovane na lokalnim jezicima Zapadnog Balkana i Turske;<\/p>\n\n\n\n<p>Pokrivaju klju\u010dne principe pristupa zasnovanog na ljudskim pravima, integraciju pristupa zasnovanog na ljudskim pravima (HRBA) i ravnopravnosti polova i ja\u010danje za\u0161titne uloge OCD u kriznim situacijama;<\/p>\n\n\n\n<p>Posve\u0107ene OCD bez ikakvog ili sa ograni\u010denog iskustvom u pristupu zasnovanom na ljudskim pravima, kao \u0161to su lokalne OCD i lokalne inicijative, ali i druge zainteresovane OCD.<\/p>\n\n\n\n<p>Obuke na osnovnom nivou bi\u0107e organizovane prema planu ispod:<\/p>\n\n\n\n<ol class=\"wp-block-list\" start=\"21\"><li>I 22. JUNA, obuka na makedonskom jeziku:<br>Rok za prijavu, ponedeljak, 7. JUN; FORMULARA ZA PRIJAVU [3]<\/li><li>I 24. juna, obuka na bosanskom \/ crnogorskom \/ srpskom jeziku:<br>Rok za prijavu, ponedeljak, 7. JUN; FORMULARA ZA PRIJAVU [4]<\/li><li>I 29. JUNA, obuka na albanskom jeziku:<br>Rok za prijavu, ponedeljak, 7. JUN; FORMULARA ZA PRIJAVU [5]<\/li><li>JUNA I 1. JULA, obuka na bosanskom \/ crnogorskom \/ srpskom jeziku:<br>Rok za prijavu, ponedeljak, 7. JUN; FORMULARA ZA PRIJAVU [6]<\/li><li>I 7. JULA, obuka na turskom jeziku:<br>Rok za prijavu, ponedeljak, 7. JUN. FORMULARA ZA PRIJAVU [7]<\/li><\/ol>\n\n\n\n<p>Da bi se obezbedila delotvorna obuka sa dubinskim pristupom i prakti\u010dnim ve\u017ebama, broj odabranih OCD po obuci na osnovnom nivou bi\u0107e ograni\u010den na 30 u\u010desnika. Svaka OCD se mo\u017ee prijaviti da poha\u0111a osnovnu obuku sa NAJVI\u0160E DVA PREDSTAVNIKA. O\u010dekuje se da su predlo\u017eeni u\u010desnici uklju\u010deni u aktivnosti OCD koje doprinose uvo\u0111enju i usvajanju novih pristupa u organizacionoj kulturi i \/ ili pru\u017eanju usluga ciljnim grupama.<\/p>\n\n\n\n<p>Izbor \u0107e izvr\u0161iti EU TACSO 3 na osnovu slede\u0107ih kriterijuma:<\/p>\n\n\n\n<p>Organizacija pokazuje motivaciju za pove\u0107anje znanja i ve\u0161tina za uklju\u010divanje HRBA i rodne ravnopravnosti;<\/p>\n\n\n\n<p>Predlo\u017eeni u\u010desnici \/ predstavnici organizacije doprine\u0107e integraciji pristupa zasnovanog na ljudskim pravima (HRBA) i ravnopravnosti polova u organizacionu kulturu (npr. razmena informacija sa drugim \u010dlanovima organizacije, prenos znanja itd.).<\/p>\n\n\n\n<p>Tehni\u010dka pomo\u0107 organizacijama civilnog dru\u0161tva na Zapadnom Balkanu i u Turskoj (EU TACSO 3) je projekat koji finansira EU na Zapadnom Balkanu i u Turskoj (<strong><a href=\"http:\/\/www.tacso.eu\" target=\"_blank\" rel=\"noreferrer noopener\">www.tacso.eu<\/a><\/strong>). Cilj EU TACSO 3 je ja\u010danje kapaciteta organizacija civilnog dru\u0161tva da aktivno u\u010destvuju u demokratskim procesima i podsticanje povoljnog okru\u017eenja za civilno dru\u0161tvo i pluralisti\u010dki razvoj medija.<\/p>\n\n\n\n<p>Preuzeto sa: <a href=\"https:\/\/www.mreza-mira.net\/vijesti\/poziv-za-ucesce-program-obuke-za-ocd-na-zapadnom-balkanu-i-turskoj\/\" target=\"_blank\" rel=\"noreferrer noopener\">mreza-mira.net<\/a><\/p>\n","protected":false},"excerpt":{"rendered":"<p>Cilj programa obuke je da pru\u017ei teorijsko i prakti\u010dno znanje organizacijama civilnog dru\u0161tva razli\u010ditog opsega: EU TACSO 3 projekat organizuje<\/p>\n","protected":false},"author":1,"featured_media":9708,"comment_status":"closed","ping_status":"open","sticky":false,"template":"","format":"standard","meta":{"om_disable_all_campaigns":false,"_monsterinsights_skip_tracking":false,"_monsterinsights_sitenote_active":false,"_monsterinsights_sitenote_note":"","_monsterinsights_sitenote_category":0,"footnotes":""},"categories":[4],"tags":[2368,158,325,248,1102,2215,3373,159],"class_list":["post-9707","post","type-post","status-publish","format-standard","has-post-thumbnail","hentry","category-edukacija","tag-integracija","tag-ljudska-prava","tag-obuka","tag-ocd","tag-program","tag-ravnopravnost-polova","tag-tacso","tag-zapadni-balkan"],"jetpack_featured_media_url":"https:\/\/www.mladibl.com\/wp-content\/uploads\/2021\/06\/tacso.jpg","amp_enabled":true,"_links":{"self":[{"href":"https:\/\/www.mladibl.com\/index.php?rest_route=\/wp\/v2\/posts\/9707","targetHints":{"allow":["GET"]}}],"collection":[{"href":"https:\/\/www.mladibl.com\/index.php?rest_route=\/wp\/v2\/posts"}],"about":[{"href":"https:\/\/www.mladibl.com\/index.php?rest_route=\/wp\/v2\/types\/post"}],"author":[{"embeddable":true,"href":"https:\/\/www.mladibl.com\/index.php?rest_route=\/wp\/v2\/users\/1"}],"replies":[{"embeddable":true,"href":"https:\/\/www.mladibl.com\/index.php?rest_route=%2Fwp%2Fv2%2Fcomments&post=9707"}],"version-history":[{"count":1,"href":"https:\/\/www.mladibl.com\/index.php?rest_route=\/wp\/v2\/posts\/9707\/revisions"}],"predecessor-version":[{"id":9709,"href":"https:\/\/www.mladibl.com\/index.php?rest_route=\/wp\/v2\/posts\/9707\/revisions\/9709"}],"wp:featuredmedia":[{"embeddable":true,"href":"https:\/\/www.mladibl.com\/index.php?rest_route=\/wp\/v2\/media\/9708"}],"wp:attachment":[{"href":"https:\/\/www.mladibl.com\/index.php?rest_route=%2Fwp%2Fv2%2Fmedia&parent=9707"}],"wp:term":[{"taxonomy":"category","embeddable":true,"href":"https:\/\/www.mladibl.com\/index.php?rest_route=%2Fwp%2Fv2%2Fcategories&post=9707"},{"taxonomy":"post_tag","embeddable":true,"href":"https:\/\/www.mladibl.com\/index.php?rest_route=%2Fwp%2Fv2%2Ftags&post=9707"}],"curies":[{"name":"wp","href":"https:\/\/api.w.org\/{rel}","templated":true}]}}