{"id":9685,"date":"2021-06-01T08:34:08","date_gmt":"2021-06-01T06:34:08","guid":{"rendered":"https:\/\/www.mladibl.com\/?p=9685"},"modified":"2021-06-01T08:34:10","modified_gmt":"2021-06-01T06:34:10","slug":"prvi-let-kompanije-viz-er-na-liniji-dortmund-banjaluka-dortmund","status":"publish","type":"post","link":"https:\/\/www.mladibl.com\/?p=9685","title":{"rendered":"Prvi let kompanije &#8220;Viz er&#8221; na liniji Dortmund-Banjaluka-Dortmund"},"content":{"rendered":"\n<p>Na me\u0111unarodnom aerodromu Banjaluka u \u010detvrtak, 3. juna, sve\u010dano \u0107e biti organizovan do\u010dek prvog promotivnog leta kompanije &#8220;Viz er&#8221; na liniji Dortmund-Banjaluka-Dortmund.<\/p>\n\n\n\n<p>-Kao znak velike dobrodo\u0161lice avion jedne od najzna\u010dajnijih evropskih niskotarifnih avio-kompanija &#8220;Viz er&#8221; do\u010deka\u0107emo vodenim topovima &#8211; najavljeno je iz &#8220;Aerodroma Republike Srpske&#8221;.<\/p>\n\n\n\n<p>Slijetanje aviona planirano je u 10.45 \u010dasova.<\/p>\n\n\n\n<p>Linija Dortmund-Banjaluka-Dortmund saobra\u0107a\u0107e dva puta sedmi\u010dno.<\/p>\n\n\n\n<p>Preuzeto sa: <a href=\"https:\/\/lat.rtrs.tv\/vijesti\/vijest.php?id=433795\" target=\"_blank\" rel=\"noreferrer noopener\">RTRS<\/a><\/p>\n","protected":false},"excerpt":{"rendered":"<p>Na me\u0111unarodnom aerodromu Banjaluka u \u010detvrtak, 3. juna, sve\u010dano \u0107e biti organizovan do\u010dek prvog promotivnog leta kompanije &#8220;Viz er&#8221; na<\/p>\n","protected":false},"author":1,"featured_media":9686,"comment_status":"closed","ping_status":"open","sticky":false,"template":"","format":"standard","meta":{"om_disable_all_campaigns":false,"_monsterinsights_skip_tracking":false,"_monsterinsights_sitenote_active":false,"_monsterinsights_sitenote_note":"","_monsterinsights_sitenote_category":0,"footnotes":""},"categories":[2],"tags":[53,4380,4376,5068,4375],"class_list":["post-9685","post","type-post","status-publish","format-standard","has-post-thumbnail","hentry","category-vijesti","tag-banja-luka","tag-dortmund","tag-letovi","tag-prvi-let","tag-wizzair"],"jetpack_featured_media_url":"https:\/\/www.mladibl.com\/wp-content\/uploads\/2021\/06\/Prvi-let-kompanije-_Viz-er_-na-liniji-Dortmund-Banjaluka-Dortmund.jpg","amp_enabled":true,"_links":{"self":[{"href":"https:\/\/www.mladibl.com\/index.php?rest_route=\/wp\/v2\/posts\/9685","targetHints":{"allow":["GET"]}}],"collection":[{"href":"https:\/\/www.mladibl.com\/index.php?rest_route=\/wp\/v2\/posts"}],"about":[{"href":"https:\/\/www.mladibl.com\/index.php?rest_route=\/wp\/v2\/types\/post"}],"author":[{"embeddable":true,"href":"https:\/\/www.mladibl.com\/index.php?rest_route=\/wp\/v2\/users\/1"}],"replies":[{"embeddable":true,"href":"https:\/\/www.mladibl.com\/index.php?rest_route=%2Fwp%2Fv2%2Fcomments&post=9685"}],"version-history":[{"count":1,"href":"https:\/\/www.mladibl.com\/index.php?rest_route=\/wp\/v2\/posts\/9685\/revisions"}],"predecessor-version":[{"id":9687,"href":"https:\/\/www.mladibl.com\/index.php?rest_route=\/wp\/v2\/posts\/9685\/revisions\/9687"}],"wp:featuredmedia":[{"embeddable":true,"href":"https:\/\/www.mladibl.com\/index.php?rest_route=\/wp\/v2\/media\/9686"}],"wp:attachment":[{"href":"https:\/\/www.mladibl.com\/index.php?rest_route=%2Fwp%2Fv2%2Fmedia&parent=9685"}],"wp:term":[{"taxonomy":"category","embeddable":true,"href":"https:\/\/www.mladibl.com\/index.php?rest_route=%2Fwp%2Fv2%2Fcategories&post=9685"},{"taxonomy":"post_tag","embeddable":true,"href":"https:\/\/www.mladibl.com\/index.php?rest_route=%2Fwp%2Fv2%2Ftags&post=9685"}],"curies":[{"name":"wp","href":"https:\/\/api.w.org\/{rel}","templated":true}]}}