{"id":9682,"date":"2021-06-01T08:31:54","date_gmt":"2021-06-01T06:31:54","guid":{"rendered":"https:\/\/www.mladibl.com\/?p=9682"},"modified":"2021-06-01T08:31:55","modified_gmt":"2021-06-01T06:31:55","slug":"banski-dvor-otvorio-vrata-pisanoj-rijeci-poceo-4-regionalni-festival-knjizevnosti-imperativ","status":"publish","type":"post","link":"https:\/\/www.mladibl.com\/?p=9682","title":{"rendered":"Banski dvor otvorio vrata pisanoj rije\u010di: Po\u010deo 4. regionalni festival knji\u017eevnosti \u201cImperativ\u201d"},"content":{"rendered":"\n<p>\u010cetvrti regionalni festival knji\u017eevnosti \u201eImperativ\u201c otvoren je sino\u0107 u Banskom dvoru, \u010dime je na\u0161 grad ponovo otvorio vrata pisanoj rije\u010di.<\/p>\n\n\n\n<p>Tim povodom, Udru\u017eenje \u201eImperativ\u201c priredilo je bogat program, a direktorica Udru\u017eenja Sanela Babi\u0107 podsjetila je da je osnovna misija njihovog rada usmjerena na promociju i popularizaciju knji\u017eevnosti, te da Udru\u017eenje te\u017ei ka tome da Banja Luka postane zna\u010dajan i prepoznatljiv knji\u017eevni centar regionalne kulturne scene.<\/p>\n\n\n\n<p>Festival je otvoren multimedijalnom izlo\u017ebom \u201cOganj ili Svjetlost?\u201d umjetnika Hadrona Higsa.<\/p>\n\n\n\n<p>Higs je kreator ovogodi\u0161njeg vizuelnog identiteta Festivala, koji je inspirisan distopijskim romanom Rej Bredberija \u201cFarenhajt 451\u201d iz 1953. godine i filmom koji je nastao po ovom knji\u017eevnom predlo\u0161ku, a koncept izlo\u017ebe povezan je sa vremenom u kojem \u017eivimo.<\/p>\n\n\n\n<p>Prve ve\u010deri u okviru programa \u201ePoeziju \u0107e svi \u010ditati\u201c pjesnikinja i akademska slikarka iz Banje Luke Borjana Mr\u0111a bila je doma\u0107in pjesnikinji iz Zagreba Moniki Herceg.<\/p>\n\n\n\n<p>Borjana je posjetiocima \u010ditala svoje nove pjesme, koje se bave \u017eivotom, smr\u0107u, ljubavlju ali i neke starije iz zbirke \u201eKroja\u010dica sa svetim makazama\u201c.<\/p>\n\n\n\n<p>U Vije\u0107nici Banskog dvora odr\u017eana je radionica pisanja za djecu \u201cBajkovnica\u201d, koju je vodila Jelena Kojovi\u0107 Tepi\u0107, autorka poznatog serijala bajki \u201cAvanture Trbe i Dugog\u201d.<\/p>\n\n\n\n<p>Radionica je zami\u0161ljena tako da djeca uz pomo\u0107 mentora pi\u0161u bajke i na taj na\u010din razvijaju svoj talenat, ma\u0161tu, a kroz kreativno izra\u017eavanje iskazuju svoj odnos prema dobru i zlu, pravdi, ljubavi i drugim va\u017enim \u017eivotnim i moralnim na\u010delima.<\/p>\n\n\n\n<p>Program je nastavljen Razgovorom sa Miljenkom Jergovi\u0107em, sa kojim je o njegovom novom romanu \u201cVjetrogonja Babuki\u0107\u201d razgovarao knji\u017eevnik Darko Cvijeti\u0107.<\/p>\n\n\n\n<p>Dolazak Jergovi\u0107a na Festival izazvao je veliku pa\u017enju \u010ditala\u010dke publike.<\/p>\n\n\n\n<p>-\u201cImperativ\u201d je meni najdra\u017ei regionalni festival ili najdra\u017ei regioanalni praznik knji\u017eevnosti. Napravljen je na jedan stahovito \u010destiti na\u010din, a kod nas se malo stvari radi \u010destito i zbog same knji\u017eevnosti ili same umjetnosti, a puno stvari se radi iz nekih sporednih razloga. Na \u201cImperativu\u201d je knji\u017eevnost glavna, pisci su glavni, \u010ditatelji su glavni \u2013 naglasio je Miljenko Jergovi\u0107.<\/p>\n\n\n\n<p>Podsje\u0107amo, u sklopu Festivala u Koncertnoj dvorani otvoren je i sajam knjiga, koji \u0107e biti otvoren svakog festivalskog dana u periodu od 10.00 do 21.00 \u010das, a posjetioci \u0107e biti u prilici da posjete \u0161tandove izdava\u010da: Booka, Lom, Kontrast, Buybook, Geopoetika, Enklava, Vrijeme, antikvarijat Ramajana, 9.dimenzija, Art scena, Udru\u017eenje knji\u017eevnika RS, Imprimatur, P\u010delica koji su pripremili povoljne sajamske cijene.<\/p>\n\n\n\n<p>Preuzeto sa: <a href=\"https:\/\/www.banjaluka.rs.ba\/banski-dvor-otvorio-vrata-pisanoj-rijeci-poceo-4-regionalni-festival-knjizevnosti-imperativ\/\" target=\"_blank\" rel=\"noreferrer noopener\">Grad Banja Luka<\/a><\/p>\n","protected":false},"excerpt":{"rendered":"<p>\u010cetvrti regionalni festival knji\u017eevnosti \u201eImperativ\u201c otvoren je sino\u0107 u Banskom dvoru, \u010dime je na\u0161 grad ponovo otvorio vrata pisanoj rije\u010di.<\/p>\n","protected":false},"author":1,"featured_media":9683,"comment_status":"closed","ping_status":"open","sticky":false,"template":"","format":"standard","meta":{"om_disable_all_campaigns":false,"_monsterinsights_skip_tracking":false,"_monsterinsights_sitenote_active":false,"_monsterinsights_sitenote_note":"","_monsterinsights_sitenote_category":0,"footnotes":""},"categories":[2],"tags":[53,881,707,5020,2475],"class_list":["post-9682","post","type-post","status-publish","format-standard","has-post-thumbnail","hentry","category-vijesti","tag-banja-luka","tag-banski-dvor","tag-festival","tag-imperativ","tag-knjizevnost"],"jetpack_featured_media_url":"https:\/\/www.mladibl.com\/wp-content\/uploads\/2021\/06\/Banski-dvor-otvorio-vrata-pisanoj-rijeci_-Poceo-4.-regionalni-festival-knjizevnosti-Imperativ.jpg","amp_enabled":true,"_links":{"self":[{"href":"https:\/\/www.mladibl.com\/index.php?rest_route=\/wp\/v2\/posts\/9682","targetHints":{"allow":["GET"]}}],"collection":[{"href":"https:\/\/www.mladibl.com\/index.php?rest_route=\/wp\/v2\/posts"}],"about":[{"href":"https:\/\/www.mladibl.com\/index.php?rest_route=\/wp\/v2\/types\/post"}],"author":[{"embeddable":true,"href":"https:\/\/www.mladibl.com\/index.php?rest_route=\/wp\/v2\/users\/1"}],"replies":[{"embeddable":true,"href":"https:\/\/www.mladibl.com\/index.php?rest_route=%2Fwp%2Fv2%2Fcomments&post=9682"}],"version-history":[{"count":1,"href":"https:\/\/www.mladibl.com\/index.php?rest_route=\/wp\/v2\/posts\/9682\/revisions"}],"predecessor-version":[{"id":9684,"href":"https:\/\/www.mladibl.com\/index.php?rest_route=\/wp\/v2\/posts\/9682\/revisions\/9684"}],"wp:featuredmedia":[{"embeddable":true,"href":"https:\/\/www.mladibl.com\/index.php?rest_route=\/wp\/v2\/media\/9683"}],"wp:attachment":[{"href":"https:\/\/www.mladibl.com\/index.php?rest_route=%2Fwp%2Fv2%2Fmedia&parent=9682"}],"wp:term":[{"taxonomy":"category","embeddable":true,"href":"https:\/\/www.mladibl.com\/index.php?rest_route=%2Fwp%2Fv2%2Fcategories&post=9682"},{"taxonomy":"post_tag","embeddable":true,"href":"https:\/\/www.mladibl.com\/index.php?rest_route=%2Fwp%2Fv2%2Ftags&post=9682"}],"curies":[{"name":"wp","href":"https:\/\/api.w.org\/{rel}","templated":true}]}}