{"id":9596,"date":"2021-05-28T11:18:10","date_gmt":"2021-05-28T09:18:10","guid":{"rendered":"https:\/\/www.mladibl.com\/?p=9596"},"modified":"2021-05-28T12:09:56","modified_gmt":"2021-05-28T10:09:56","slug":"poezija-petkom-marijan-jevic","status":"publish","type":"post","link":"https:\/\/www.mladibl.com\/?p=9596","title":{"rendered":"Poezija petkom: Marijan Jevi\u0107"},"content":{"rendered":"\n<p>Marijan Jevi\u0107, ro\u0111en je 1997. godine u Banjaluci, odrastao u Prnjavoru, gdje zavr\u0161ava osnovnu i srednju tehni\u010dku \u0161kolu. Po zavr\u0161etku srednjo\u0161kolskog obrazovanja, odlazi u pravoslavni manastir Stuplje i tu provodi sljede\u0107e \u010detiri godine kao poslu\u0161nik. Postaje bibliotekar, poje i vanredno poha\u0111a Bogoslovsku seminariju u Sremskim Karlovcima. Inspirisan duhovnom poezijom, sam po\u010dinje da pi\u0161e, kako duhovnu, tako i rodoljubivu i misaonu poeziju, kao i prve \u010dlanke i prevode za manastirski bilten.<\/p>\n\n\n\n<p>Nakon odluke da se, pored teolo\u0161kih nauka, posveti knji\u017eevnosti i aktivnom pisanju, odlazi iz manastira i zapo\u010dinje studije u Banjaluci, na Filolo\u0161kom fakultetu, odsjeka za francuski, latinski jezik i knji\u017eevnost. Trenutno studira, samostalno se izra\u017eava i pi\u0161e. Pored prve zbirke koja je spremna za \u0161tampu, pi\u0161e drugu, dovr\u0161ava prvi roman, a ima u planu i pisanje jo\u0161 tri, za sada.<\/p>\n\n\n\n<p>Ovog petka sa vama dijelimo dvije pjesme mladog pjesnika Marijana Jevi\u0107a ,,Pjesma bez imena\u2019\u2019 i ,,No\u0107\u2019\u2019.<\/p>\n\n\n\n<blockquote class=\"wp-block-quote is-layout-flow wp-block-quote-is-layout-flow\"><p>,,Poezija za mene predstavlja drugi, paralelni kosmos. To je izvor ma\u0161te, mjesto u kojem moje bi\u0107e dolazi u opus bezazlenosti, sanjarije i misli. Velika je privilegija kroz ma\u0161tu dolaziti u potragu za istinom. \u010cesto su pjesme koncipirane tako da se kroz njih dolazi do neke uzvi\u0161ene misli, do nekog uzvi\u0161enog cilja, neke od njih upu\u0107uju i na primjere ljudi koji su svakodnevno oko nas, a \u010diju dobrotu ponekad i ne primje\u0107ujemo. Pored misaonih, nekada i elegi\u010dnih pjesama, dosta je onih koje upu\u0107uju na psiholo\u0161ku misao u teologiji, neke su i molitveno upu\u0107ene. Pored tih pjesama, kao i rodoljubivih, opisnih, tu se nalazi i ljubavna poezija, koja je meni posebna. Inspiracija nastaje iz krajnje neo\u010dekivanih trenutaka, desi se u jednom momentu, traje nekoliko trenutaka, najvi\u0161e iz susreta, malih stvari, koje samo ja primje\u0107ujem. Moje cijelo tijelo se ispuni osje\u0107ajem opisa, misli, ushi\u0107enja i tada prete\u017eno uzimam papir i pi\u0161em. Ni\u0161ta oko mene ne postoji. Samo papir i ja\u2019\u2019.<\/p><\/blockquote>\n\n\n\n<p><em><strong>Pjesma bez imena<\/strong><\/em><\/p>\n\n\n\n<p><em>Kakav je ovo svijet, \u0161ta u njemu nastaje ?<br>Kako me to posmatra\u0161, \u0161ta mi to nedostaje ?<br>Bpr ovdje, bpr tamo\u2026 Svi ne\u0161ta zbore,<br>Svi se nekud \u017eure, \u017eivog da me smore\u2026<\/em><\/p>\n\n\n\n<p><em>Ja sam \u010dovjek jednostavan. Dobro ! Mo\u017eda ne toliko\u2026<br>Pri\u010dam o svijetu \u010dudnu, a sam hodaju\u0107\u2019 pi\u0161em.<br>Mo\u017eda je pisati o sebi najbolje, grijeh je zdanje preveliko.<br>Tu\u0111e disanje gledati, razmi\u0161ljam, zami\u0161ljati ne umijem.<\/em><\/p>\n\n\n\n<p><em>Ispunjen brigama, mislima \u010dudnim, nepotrebnim,<br>Kako se iz njih izvu\u0107i ? Ka\u017ee neko o ritualima dnevnim.<br>Podignem pogled, neko je pobjegao negdje, bilo gdje.<br>Pobje\u0107i \u010dini mi se ponizno, sustigne te, razdrije.<\/em><\/p>\n\n\n\n<p><em>Cvjetovi majski kome su procvjetali u maju ?<br>Nekome mo\u017eda u \u017eivota nedostatku, na kraju.<br>Nisam siguran nose li ove moje rije\u010di poruku,<br>Jesu li uzvi\u0161ene, kakve bi trebale da budu ?<\/em><\/p>\n\n\n\n<p><em>Ne poznajem se, ko je ovaj \u010dovjek tu\u017eni ?<br>Ho\u0107e li biti gore, neko se pita, hm\u2026<br>Je li bilo gore, ili bolje, \u0161ta je bolje, a sta gore ?<br>Mo\u017eda je dolje bolje nego gore.<br>Kunem se sigurno je gore bolje nego dolje.<br>Gric, gric, neko se po putu \u0161e\u0107e, jede, kljuca.<br>Moja misao narand\u017easta putevima crvenim luta.<br>Bje\u017eite od mene ljudi, \u0161ta \u0107ete mi blizu !?<br>Pustite me da pro\u0111em, moj red je u nizu.<\/em><\/p>\n\n\n\n<p><em>Pro\u0111u ponekad lica svjetla, nasmije\u0161eni,<br>Ne znaju da \u0107e biti u rije\u010dima mojim.<br>Vru\u0107e mi je u ogrta\u010du, svi sile se prema meni<br>Previ\u0161e u\u017eivam u tamnim mislima, crnim.<\/em><\/p>\n\n\n\n<p><em>Zajedno bi\u0107e nam bolje, strane rije\u010di ove.<br>Gdje su te maske, pokriva\u010di s lica nestali ?<br>Lunetici, siromasi, ne biraju svoje oru\u017eije.<br>Pozdravljaju me raznobojni, \u017eivotnici rastali.<\/em><\/p>\n\n\n\n<p><em>Ovo je kraj ove pjesme, koja misli vezuje.<br>Pro\u0161etao sam se, rije\u010di neke okolo mi zuje,<br>Jezik se razvezuje, previ\u0161e me toga svezuje,<br>Pogled zadnji ostaje, onoj \u0161to mi najvi\u0161e nedostaje.<\/em><\/p>\n\n\n\n<p><strong><em>&#8220;No\u0107&#8221;<\/em><\/strong><\/p>\n\n\n\n<p><em>No\u0107 sumorna.<br>Gledam dvije jabuke, gdje napu\u0161teno stoje.<br>Noge me uporno vode njoj.<br>Sje\u0107anje izvla\u010di suze iz oka.<\/em><\/p>\n\n\n\n<p><em>Prolazim puste ulice,<br>samo daleki putnici stoje.<br>Tra\u017eim prijatelja, rije\u010d da mu ka\u017eem,<br>ali njega nema, ostajem sam no\u0107as.<\/em><\/p>\n\n\n\n<p><em>No\u0107 je tako tiha, mirna,<br>kao da s njom ne\u0161to nije u redu.<br>\u010cudna je no\u0107, ali jos \u010dudniji ja!<br>Gdje li sam samo krenuo po ovom mraku!?<\/em><\/p>\n\n\n\n<p><em>Najzad, kru\u017eim, pored studenjaka prolazim.<br>\u010cuju se glasovi, ne spavaju.<br>Sijaju\u0107i prsten, vidim ga na stotine metara.<br>Stajem na most i tada ostajem sam. I no\u0107 me napustila.<\/em><\/p>\n\n\n\n<p><em>\u010cujem desno, odmah podno mosta.<br>Grane bitku sa vodom biju, one ne\u0107e da odu, a voda pitanje ne postavlja.<br>Ne pro\u0111e mnogo, dva talasa se sva\u0111aju,<br>koji \u0107e zagospodariti vodenom povr\u0161inom.<\/em><\/p>\n\n\n\n<p><em>Jos dvije \u010daplje proletje\u0161e, zapitah se, \u0161ta one tu uop\u0161te rade!? Pa no\u0107 je.<br>marijanjevicelf&#8217;s profile picture<br>Vidim po neko svjetlo u ovom gradu.<br>Podrhtavanje osjetim na mostu, ispod mene \u010dujem \u017eubor.<br>I tada za\u010duh.<br>Tada mi se obratila, kunem vam se.<br>Ona mi se obratila, nikada nisam cuo taj glas.<br>Samo sam \u0107utao i slu\u0161ao.<\/em><\/p>\n\n\n\n<p><em>Njen glas bio je ohrabruju\u0107i, mogao bih ga porediti sa zveckanjem kristala.<br>Malih, sitnih djelova, mrvica kristala.<br>Podsje\u0107a me na Bo\u017ei\u0107nu pjesmu.<br>Umilan je njen zvuk, zove me.<\/em><\/p>\n\n\n\n<p><em>Eh, znam da si od mene ve\u0107a.<br>Znam da mi pokazuje\u0161 koliko sam ni\u0161tavan u odnosu na tvoje beskrajne tokove.<br>Govori\u0161 mi da nikoga nemam, osim Njega.<br>Eh rijeko, rijeko! To i ja znam, ali izgleda da me se u ovoj no\u0107i i On odrekao.<\/em><\/p>\n\n\n\n<p><em>Nastavljam put, drugog izbora nemam.<br>Mo\u017eda \u0107e moje rije\u010di nekada biti primljene.<br>Mo\u017eda, negdje, u nekom svijetu, u nekom univerzumu jo\u0161 postoje ljudi sli\u010dni nebu.<br>Samom sebi sam dovoljan.<br>Nikad sli\u010dne meni.<\/em><\/p>\n\n\n\n<p><em>Gdje su neko\u0107 djeca bila, sjedam i ja.<br>Kako li samo opisati ovo putovanje?<br>Kako li samo opisati ovaj razgovor?<br>Povratih se domu.<br>Iz no\u0107i, iz mraka, iz tame.<\/em><\/p>\n\n\n\n<figure class=\"wp-block-embed is-type-video is-provider-youtube wp-block-embed-youtube wp-embed-aspect-16-9 wp-has-aspect-ratio\"><div class=\"wp-block-embed__wrapper\">\n<iframe loading=\"lazy\" title=\"Marijan Jevi\u0107 i \u0110or\u0111e \u0110ur\u0111evi\u0107 - Pero\" width=\"800\" height=\"450\" src=\"https:\/\/www.youtube.com\/embed\/6P8ySzYfr08?feature=oembed\" frameborder=\"0\" allow=\"accelerometer; autoplay; clipboard-write; encrypted-media; gyroscope; picture-in-picture\" allowfullscreen><\/iframe>\n<\/div><\/figure>\n\n\n\n<p><strong>Pripremila: Mihaela Amid\u017ei\u0107<\/strong><\/p>\n","protected":false},"excerpt":{"rendered":"<p>Marijan Jevi\u0107, ro\u0111en je 1997. godine u Banjaluci, odrastao u Prnjavoru, gdje zavr\u0161ava osnovnu i srednju tehni\u010dku \u0161kolu. Po zavr\u0161etku<\/p>\n","protected":false},"author":1,"featured_media":9598,"comment_status":"closed","ping_status":"open","sticky":false,"template":"","format":"standard","meta":{"om_disable_all_campaigns":false,"_monsterinsights_skip_tracking":false,"_monsterinsights_sitenote_active":false,"_monsterinsights_sitenote_note":"","_monsterinsights_sitenote_category":0,"footnotes":""},"categories":[3652],"tags":[5026,3653],"class_list":["post-9596","post","type-post","status-publish","format-standard","has-post-thumbnail","hentry","category-poezijapetkom","tag-marijan-jevic","tag-poezija-petkom"],"jetpack_featured_media_url":"https:\/\/www.mladibl.com\/wp-content\/uploads\/2021\/05\/Poezija-petkom-Marijan-Jevic.png","amp_enabled":true,"_links":{"self":[{"href":"https:\/\/www.mladibl.com\/index.php?rest_route=\/wp\/v2\/posts\/9596","targetHints":{"allow":["GET"]}}],"collection":[{"href":"https:\/\/www.mladibl.com\/index.php?rest_route=\/wp\/v2\/posts"}],"about":[{"href":"https:\/\/www.mladibl.com\/index.php?rest_route=\/wp\/v2\/types\/post"}],"author":[{"embeddable":true,"href":"https:\/\/www.mladibl.com\/index.php?rest_route=\/wp\/v2\/users\/1"}],"replies":[{"embeddable":true,"href":"https:\/\/www.mladibl.com\/index.php?rest_route=%2Fwp%2Fv2%2Fcomments&post=9596"}],"version-history":[{"count":3,"href":"https:\/\/www.mladibl.com\/index.php?rest_route=\/wp\/v2\/posts\/9596\/revisions"}],"predecessor-version":[{"id":9601,"href":"https:\/\/www.mladibl.com\/index.php?rest_route=\/wp\/v2\/posts\/9596\/revisions\/9601"}],"wp:featuredmedia":[{"embeddable":true,"href":"https:\/\/www.mladibl.com\/index.php?rest_route=\/wp\/v2\/media\/9598"}],"wp:attachment":[{"href":"https:\/\/www.mladibl.com\/index.php?rest_route=%2Fwp%2Fv2%2Fmedia&parent=9596"}],"wp:term":[{"taxonomy":"category","embeddable":true,"href":"https:\/\/www.mladibl.com\/index.php?rest_route=%2Fwp%2Fv2%2Fcategories&post=9596"},{"taxonomy":"post_tag","embeddable":true,"href":"https:\/\/www.mladibl.com\/index.php?rest_route=%2Fwp%2Fv2%2Ftags&post=9596"}],"curies":[{"name":"wp","href":"https:\/\/api.w.org\/{rel}","templated":true}]}}