{"id":939,"date":"2020-03-19T13:08:28","date_gmt":"2020-03-19T11:08:28","guid":{"rendered":"http:\/\/www.mladibl.com\/?p=939"},"modified":"2020-03-19T13:08:30","modified_gmt":"2020-03-19T11:08:30","slug":"pocela-gradnja-kruznog-toka-kod-lesnine","status":"publish","type":"post","link":"https:\/\/www.mladibl.com\/?p=939","title":{"rendered":"Po\u010dela gradnja kru\u017enog toka kod &#8220;Lesnine&#8221;"},"content":{"rendered":"\n<p>U okviru investicionog ciklusa \u201eBanja Luka se gradi\u201c danas su zvani\u010dno po\u010deli radovi na izgradnji kru\u017enog toka kod \u201eLesnine\u201c, te je ujedno potpisan sporazum izme\u0111u Grada Banja Luka i preduze\u0107a \u201ePutevi RS\u201c o nastavku ovog projekta, odnosno pro\u0161irenja Ulice Ivana Gorana Kova\u010di\u0107a.<\/p>\n\n\n\n<p>-Ovo je jedanaesta kru\u017ena raskrsnica u zadnje tri godine u gradu. Danas po\u010dinju radovi na jednoj od najfrekvetnijih raskrsnica kojom dnevno pro\u0111e oko 1.100 autobusa \u2013 kazao je prilikom dana\u0161njeg obilaska ovog gradili\u0161ta gradona\u010delnik Igor Radoji\u010di\u0107.<\/p>\n\n\n\n<p>Ujedno, realizacijom ovog projekta bi\u0107e kompletirana poveznica isto\u010dnog i zapadnog tranzita, od novog mosta u Obili\u0107evu pa do kru\u017enog toka na zapadnom tranzitu kod \u201eCentruma\u201c.<\/p>\n\n\n\n<p>-Ulica Ivana Gorana Kova\u010di\u0107a tako\u0111e \u0107e biti pro\u0161irena, tako da bi od novog mosta do \u201eCentruma\u201c imali svega tri semafora \u2013 istakao je Radoji\u010di\u0107.<\/p>\n\n\n\n<p>Gradnju kru\u017ene raskrsnice kao i rekonstrukciju Ulice Ivana Gorana Kova\u010di\u0107a finansira\u0107e preduze\u0107e \u201ePutevi RS, dok je obaveza Grada da rije\u0161i imovinske odnose i tehni\u010dku dokumentaciju.<\/p>\n\n\n\n<p>-Radi se o modernoj kru\u017enoj raskrsnici sa dvije trake \u010dija je vrijednost 1,3 miliona maraka, a izvo\u0111a\u010d preduze\u0107e \u201eNiskogradnja\u201c ima rok za zavr\u0161etak radova od 120 dana. Za rekonstrukciju Ulice Ivana Gorana Kova\u010di\u0107a bi\u0107e izdvojeno oko dva miliona maraka \u2013 rekao je direktor preduze\u0107a \u201ePutevi RS\u201c Nenad Ne\u0161i\u0107.<\/p>\n\n\n\n<p>Radoji\u010di\u0107 je, ovom prilikom, kazao da \u0107e pro\u0107i i kriza sa virusom korona, a grad mora da nastavi da \u017eivi da maksimalno podstakne ekonomske aktivnosti jer bi zaustavljanje projekata i javnih investicija napravile jo\u0161 dublje probleme za ekonomiju.<\/p>\n\n\n\n<p>-\u0160to se ti\u010de Grada, sve javne investicije koje su planirane biti isfinansirane, svi koji imaju ugovore sa Gradskom upravom za realizaciju odre\u0111enih projekata mogu na to da ra\u010dunaju, tako \u0107e se taj dio ekonomskih aktivnosti odr\u017eati u nastojanju da se prevazi\u0111u negativne prilike po ekonomiju \u2013 zaklju\u010dio je on.<\/p>\n\n\n\n<figure class=\"wp-block-image\"><img loading=\"lazy\" decoding=\"async\" width=\"1024\" height=\"683\" src=\"http:\/\/www.mladibl.com\/wp-content\/uploads\/2020\/03\/Po\u010dela-gradnja-kru\u017enog-toka-kod-Lesnine-1024x683.jpg\" alt=\"\" class=\"wp-image-940\" srcset=\"https:\/\/www.mladibl.com\/wp-content\/uploads\/2020\/03\/Po\u010dela-gradnja-kru\u017enog-toka-kod-Lesnine-1024x683.jpg 1024w, https:\/\/www.mladibl.com\/wp-content\/uploads\/2020\/03\/Po\u010dela-gradnja-kru\u017enog-toka-kod-Lesnine-300x200.jpg 300w, https:\/\/www.mladibl.com\/wp-content\/uploads\/2020\/03\/Po\u010dela-gradnja-kru\u017enog-toka-kod-Lesnine-768x512.jpg 768w, https:\/\/www.mladibl.com\/wp-content\/uploads\/2020\/03\/Po\u010dela-gradnja-kru\u017enog-toka-kod-Lesnine.jpg 1200w\" sizes=\"auto, (max-width: 1024px) 100vw, 1024px\" \/><\/figure>\n\n\n\n<p>Preuzeto sa: <a href=\"http:\/\/www.banjaluka.rs.ba\/%d0%bf%d0%be%d1%87%d0%b5%d0%bb%d0%b0-%d0%b3%d1%80%d0%b0%d0%b4%d1%9a%d0%b0-%d0%ba%d1%80%d1%83%d0%b6%d0%bd%d0%be%d0%b3-%d1%82%d0%be%d0%ba%d0%b0-%d0%ba%d0%be%d0%b4-%d1%80%d0%b0%d1%81%d0%ba%d1%80%d1%81\/\" target=\"_blank\" rel=\"noreferrer noopener\" aria-label=\"Grad Banja Luka (opens in a new tab)\">Grad Banja Luka<\/a><\/p>\n","protected":false},"excerpt":{"rendered":"<p>U okviru investicionog ciklusa \u201eBanja Luka se gradi\u201c danas su zvani\u010dno po\u010deli radovi na izgradnji kru\u017enog toka kod \u201eLesnine\u201c, te<\/p>\n","protected":false},"author":1,"featured_media":115,"comment_status":"closed","ping_status":"open","sticky":false,"template":"","format":"standard","meta":{"om_disable_all_campaigns":false,"_monsterinsights_skip_tracking":false,"_monsterinsights_sitenote_active":false,"_monsterinsights_sitenote_note":"","_monsterinsights_sitenote_category":0,"footnotes":""},"categories":[11],"tags":[27,388],"class_list":["post-939","post","type-post","status-publish","format-standard","has-post-thumbnail","hentry","category-gradbanjaluka","tag-grad-banja-luka","tag-kruzni-tok"],"jetpack_featured_media_url":"https:\/\/www.mladibl.com\/wp-content\/uploads\/2019\/10\/grad-banja-luka.png","amp_enabled":true,"_links":{"self":[{"href":"https:\/\/www.mladibl.com\/index.php?rest_route=\/wp\/v2\/posts\/939","targetHints":{"allow":["GET"]}}],"collection":[{"href":"https:\/\/www.mladibl.com\/index.php?rest_route=\/wp\/v2\/posts"}],"about":[{"href":"https:\/\/www.mladibl.com\/index.php?rest_route=\/wp\/v2\/types\/post"}],"author":[{"embeddable":true,"href":"https:\/\/www.mladibl.com\/index.php?rest_route=\/wp\/v2\/users\/1"}],"replies":[{"embeddable":true,"href":"https:\/\/www.mladibl.com\/index.php?rest_route=%2Fwp%2Fv2%2Fcomments&post=939"}],"version-history":[{"count":1,"href":"https:\/\/www.mladibl.com\/index.php?rest_route=\/wp\/v2\/posts\/939\/revisions"}],"predecessor-version":[{"id":941,"href":"https:\/\/www.mladibl.com\/index.php?rest_route=\/wp\/v2\/posts\/939\/revisions\/941"}],"wp:featuredmedia":[{"embeddable":true,"href":"https:\/\/www.mladibl.com\/index.php?rest_route=\/wp\/v2\/media\/115"}],"wp:attachment":[{"href":"https:\/\/www.mladibl.com\/index.php?rest_route=%2Fwp%2Fv2%2Fmedia&parent=939"}],"wp:term":[{"taxonomy":"category","embeddable":true,"href":"https:\/\/www.mladibl.com\/index.php?rest_route=%2Fwp%2Fv2%2Fcategories&post=939"},{"taxonomy":"post_tag","embeddable":true,"href":"https:\/\/www.mladibl.com\/index.php?rest_route=%2Fwp%2Fv2%2Ftags&post=939"}],"curies":[{"name":"wp","href":"https:\/\/api.w.org\/{rel}","templated":true}]}}