{"id":9306,"date":"2021-05-20T00:04:09","date_gmt":"2021-05-19T22:04:09","guid":{"rendered":"https:\/\/www.mladibl.com\/?p=9306"},"modified":"2021-05-20T00:04:11","modified_gmt":"2021-05-19T22:04:11","slug":"ajmo-svi-u-u-borbu-za-profesiju-omladinskog-radnika","status":"publish","type":"post","link":"https:\/\/www.mladibl.com\/?p=9306","title":{"rendered":"Ajmo svi u u borbu (za profesiju \u201eomladinskog radnika\u201c)"},"content":{"rendered":"\n<p>Predstavnici Instituta Perpetuum Mobile, Ilija Trnini\u0107 i Mre\u017ee M.O.C.A.R.T. RS, Biljana Andrijevi\u0107 odr\u017eali su 12. maja sastanak u Vladi Republike Srpske sa Sanelom Doj\u010dinovi\u0107 i Ratkom Suzi\u0107em iz Ministarstva za nau\u010dnotehnolo\u0161ki razvoj, visoko obrazovanje i informaciono dru\u0161tvo.<\/p>\n\n\n\n<p>Tokom sastanka razgovarano je o temama me\u0111u kojima je bitno pitanje procedure uvo\u0111enja omladinskog radnika kao zanimanja. Sugerisane su smjernice koje \u0107e biti primjenjene za dalji rad, kao \u0161to su adrese zna\u010dajnih institucija kojima se trebamo obratiti i smjer u kojem trebamo i\u0107i da na najbolji i najefikasniji na\u010din da do\u0111emo do cilja. Postoje dva smjera za djelovanje. Prvi, koji su Institut Perpetuum Mobile i Mre\u017ea M.O.C.A.R.T. RS, kao \u0161to je preporu\u010deno, ve\u0107 zapo\u010deli sa visoko \u0161kolskim institucijma sa kojim imamo dobru saradnju. Drugi je saradnja sa drugim relevantnim institucijama za postizanje cilja.<\/p>\n\n\n\n<p>Projekat se realizuje zahvaljuju\u0107i podr\u0161ci programa Bosnia and Herzegovina Resilience Initiative (BHRI), koji sprovodi Me\u0111unarodna organizacija za migracije (IOM), uz finansijsku podr\u0161ku Ameri\u010dke agencije za me\u0111unarodni razvoj (USAID).<\/p>\n\n\n\n<p>Preuzeto sa: <a href=\"http:\/\/www.pm.rs.ba\/ajmo-svi-u-u-borbu-za-profesiju-omladinskog-radnika\/\" target=\"_blank\" rel=\"noreferrer noopener\">Perpetuum mobile<\/a><\/p>\n","protected":false},"excerpt":{"rendered":"<p>Predstavnici Instituta Perpetuum Mobile, Ilija Trnini\u0107 i Mre\u017ee M.O.C.A.R.T. RS, Biljana Andrijevi\u0107 odr\u017eali su 12. maja sastanak u Vladi Republike<\/p>\n","protected":false},"author":1,"featured_media":9307,"comment_status":"closed","ping_status":"open","sticky":false,"template":"","format":"standard","meta":{"om_disable_all_campaigns":false,"_monsterinsights_skip_tracking":false,"_monsterinsights_sitenote_active":false,"_monsterinsights_sitenote_note":"","_monsterinsights_sitenote_category":0,"footnotes":""},"categories":[449],"tags":[408,89,4865],"class_list":["post-9306","post","type-post","status-publish","format-standard","has-post-thumbnail","hentry","category-organizacije","tag-omladinski-radnici","tag-perpetuum-mobile","tag-profesija"],"jetpack_featured_media_url":"https:\/\/www.mladibl.com\/wp-content\/uploads\/2021\/05\/Ajmo-svi-u-u-borbu-za-profesiju-\u201eomladinskog-radnika.jpg","amp_enabled":true,"_links":{"self":[{"href":"https:\/\/www.mladibl.com\/index.php?rest_route=\/wp\/v2\/posts\/9306","targetHints":{"allow":["GET"]}}],"collection":[{"href":"https:\/\/www.mladibl.com\/index.php?rest_route=\/wp\/v2\/posts"}],"about":[{"href":"https:\/\/www.mladibl.com\/index.php?rest_route=\/wp\/v2\/types\/post"}],"author":[{"embeddable":true,"href":"https:\/\/www.mladibl.com\/index.php?rest_route=\/wp\/v2\/users\/1"}],"replies":[{"embeddable":true,"href":"https:\/\/www.mladibl.com\/index.php?rest_route=%2Fwp%2Fv2%2Fcomments&post=9306"}],"version-history":[{"count":1,"href":"https:\/\/www.mladibl.com\/index.php?rest_route=\/wp\/v2\/posts\/9306\/revisions"}],"predecessor-version":[{"id":9308,"href":"https:\/\/www.mladibl.com\/index.php?rest_route=\/wp\/v2\/posts\/9306\/revisions\/9308"}],"wp:featuredmedia":[{"embeddable":true,"href":"https:\/\/www.mladibl.com\/index.php?rest_route=\/wp\/v2\/media\/9307"}],"wp:attachment":[{"href":"https:\/\/www.mladibl.com\/index.php?rest_route=%2Fwp%2Fv2%2Fmedia&parent=9306"}],"wp:term":[{"taxonomy":"category","embeddable":true,"href":"https:\/\/www.mladibl.com\/index.php?rest_route=%2Fwp%2Fv2%2Fcategories&post=9306"},{"taxonomy":"post_tag","embeddable":true,"href":"https:\/\/www.mladibl.com\/index.php?rest_route=%2Fwp%2Fv2%2Ftags&post=9306"}],"curies":[{"name":"wp","href":"https:\/\/api.w.org\/{rel}","templated":true}]}}