{"id":9254,"date":"2021-05-19T01:06:45","date_gmt":"2021-05-18T23:06:45","guid":{"rendered":"https:\/\/www.mladibl.com\/?p=9254"},"modified":"2021-05-19T01:06:46","modified_gmt":"2021-05-18T23:06:46","slug":"obiljezena-noc-muzeja-grad-uz-kulturu-i-u-doba-pandemije","status":"publish","type":"post","link":"https:\/\/www.mladibl.com\/?p=9254","title":{"rendered":"Obilje\u017eena No\u0107 muzeja: Grad uz kulturu i u doba pandemije"},"content":{"rendered":"\n<p>U na\u0161em gradu obilje\u017eena je Evropska no\u0107 muzeja koja je ove godine povezana sa obilje\u017eavanjem Me\u0111unarodnog dana muzeja. Sve\u010danom programu prire\u0111enom tim povodom u Muzeju savremene umjetnosti Republike Srpske, prisustvovao je i gradona\u010delnik Dra\u0161ko Stanivukovi\u0107.<\/p>\n\n\n\n<p>Ovogodi\u0161nji program posve\u0107en je obilje\u017eavanju 130 godina od podizanja zgrade Stare austrougarske \u017eeljezni\u010dke stanice u Banjoj Luci, u kojoj se Muzej nalazi.<\/p>\n\n\n\n<p>Uputivi\u0161i \u010destitku, gradona\u010delnik je istakao da je ponosan na ljude zaposlene u Muzeju, koji su, uprkos izazovnim vremenima za kulturu, nastavili sa predanim radom, zadr\u017eali entuzijazam i svojom inovativno\u0161\u0107u uspjeli da odr\u017ee scenu aktivnom i dinami\u010dnom, te postanu prepoznatljivi u me\u0111unarodnim krugovima.<\/p>\n\n\n\n<p>-Grad Banja Luka tradicionalno podr\u017eava Evropsku no\u0107 muzeja putem Kalendara kulturnih manifestacija. Uz tu, uprkos pandemiji, putem Kalendara ove godine bi\u0107e podr\u017eano jo\u0161 26 razli\u010ditih manifestacija, \u0161to je za na\u0161 grad va\u017eno da u svim izazovima umjetnost i kultura pobje\u0111uju \u2013 kazao je gradona\u010delnik.<\/p>\n\n\n\n<p>Kako je najavio, Grad \u0107e se svojom inicijativom pridru\u017eiti i dati doprinos u osavremenjavanju i ure\u0111enju prostora ispred Muzeja, kako bi se uz obnovu zgrade ove ustanove kulture, dobila jedina cjelina shodno umjetno\u0161\u0107u, ali i ljep\u0161i i ugodniji ambijent za sve nas.<\/p>\n\n\n\n<p>U sklopu dana\u0161nje manifestacije, prof. dr Miroslav Malinovi\u0107 odr\u017eao je predavanje na temu \u201e130 godina zdanja Stare austrougarske \u017eeljezni\u010dke stanice\u201c. Predavanju je prethodio kra\u0107i koncert kvarteta truba Akademije umjetnosti u Banjoj Luci na platou ispred zgrade Muzeja.<\/p>\n\n\n\n<p>Podsje\u0107amo, u Muzeju savremene umjetnosti Republike Srpske sedmica Me\u0111unarodnog dana muzeja, bi\u0107e obilje\u017eena i manifestacijom za djecu, koja \u0107e ujedno biti i poseban muzejski no\u0107ni izazov za djecu, koji \u0107e se odr\u017eati 20. maja u 19.00 \u010dasova. Tim povodom \u0107e biti prire\u0111eno dramsko vo\u0111enje kroz izlo\u017ebu \u201eOd Galerije do Muzeja\u201c dje\u010dijeg studija glume \u201eDEA NIKA\u201c, a u pitanju je Me\u0111unarodni muzejski no\u0107ni izazov \u2013 #MuseumAtNightChallange tokom kojeg \u0107e biti snimljena kra\u0107a videa, te ista biti prezentovana u okviru #MuseumAtNight.<\/p>\n\n\n\n<p>Preuzeto sa: <a href=\"https:\/\/www.banjaluka.rs.ba\/obiljezena-noc-muzeja\/\" target=\"_blank\" rel=\"noreferrer noopener\">Grad Banja Luka<\/a><\/p>\n","protected":false},"excerpt":{"rendered":"<p>U na\u0161em gradu obilje\u017eena je Evropska no\u0107 muzeja koja je ove godine povezana sa obilje\u017eavanjem Me\u0111unarodnog dana muzeja. Sve\u010danom programu<\/p>\n","protected":false},"author":1,"featured_media":9255,"comment_status":"closed","ping_status":"open","sticky":false,"template":"","format":"standard","meta":{"om_disable_all_campaigns":false,"_monsterinsights_skip_tracking":false,"_monsterinsights_sitenote_active":false,"_monsterinsights_sitenote_note":"","_monsterinsights_sitenote_category":0,"footnotes":""},"categories":[2],"tags":[29,4842,4819,4841],"class_list":["post-9254","post","type-post","status-publish","format-standard","has-post-thumbnail","hentry","category-vijesti","tag-kultura","tag-muzeji","tag-noc-muzeja","tag-obiljezena"],"jetpack_featured_media_url":"https:\/\/www.mladibl.com\/wp-content\/uploads\/2021\/05\/Obiljezena-Noc-muzeja_-Grad-uz-kulturu-i-u-doba-pandemije.jpg","amp_enabled":true,"_links":{"self":[{"href":"https:\/\/www.mladibl.com\/index.php?rest_route=\/wp\/v2\/posts\/9254","targetHints":{"allow":["GET"]}}],"collection":[{"href":"https:\/\/www.mladibl.com\/index.php?rest_route=\/wp\/v2\/posts"}],"about":[{"href":"https:\/\/www.mladibl.com\/index.php?rest_route=\/wp\/v2\/types\/post"}],"author":[{"embeddable":true,"href":"https:\/\/www.mladibl.com\/index.php?rest_route=\/wp\/v2\/users\/1"}],"replies":[{"embeddable":true,"href":"https:\/\/www.mladibl.com\/index.php?rest_route=%2Fwp%2Fv2%2Fcomments&post=9254"}],"version-history":[{"count":1,"href":"https:\/\/www.mladibl.com\/index.php?rest_route=\/wp\/v2\/posts\/9254\/revisions"}],"predecessor-version":[{"id":9256,"href":"https:\/\/www.mladibl.com\/index.php?rest_route=\/wp\/v2\/posts\/9254\/revisions\/9256"}],"wp:featuredmedia":[{"embeddable":true,"href":"https:\/\/www.mladibl.com\/index.php?rest_route=\/wp\/v2\/media\/9255"}],"wp:attachment":[{"href":"https:\/\/www.mladibl.com\/index.php?rest_route=%2Fwp%2Fv2%2Fmedia&parent=9254"}],"wp:term":[{"taxonomy":"category","embeddable":true,"href":"https:\/\/www.mladibl.com\/index.php?rest_route=%2Fwp%2Fv2%2Fcategories&post=9254"},{"taxonomy":"post_tag","embeddable":true,"href":"https:\/\/www.mladibl.com\/index.php?rest_route=%2Fwp%2Fv2%2Ftags&post=9254"}],"curies":[{"name":"wp","href":"https:\/\/api.w.org\/{rel}","templated":true}]}}