{"id":9209,"date":"2021-05-18T09:36:09","date_gmt":"2021-05-18T07:36:09","guid":{"rendered":"https:\/\/www.mladibl.com\/?p=9209"},"modified":"2021-05-18T09:36:10","modified_gmt":"2021-05-18T07:36:10","slug":"gradska-razvojna-agencija-otvorila-kulturno-kreativni-hab","status":"publish","type":"post","link":"https:\/\/www.mladibl.com\/?p=9209","title":{"rendered":"Gradska razvojna agencija otvorila kulturno-kreativni hab"},"content":{"rendered":"\n<p>Gradska razvojna agencija (CIDEA) je u okviru projekta CCI4TOURISM otvorila kulturno-kreativni hab, koji je zami\u0161ljen kao Kreativni i inovativni centar.<\/p>\n\n\n\n<p>-Hab u okviru ovog projekta ima za cilj otkrivanje preduzetnika i novih talenata, ali i ja\u010danje preduzetni\u010dkih vje\u0161tina i asimilacije izme\u0111u kulturnih, kreativnih i turisti\u010dkih kompanija radi stvaranja novih preduzetnika i dizajniranja novih proizvoda \u2013 kazali su organizatori.<\/p>\n\n\n\n<p>Dodaju da ga mogu koristiti svi po\u010detnici, kao i preduzetnici iz kulturno-kreativne industrije sa regije Banje Luke.<\/p>\n\n\n\n<p>Hab je, kako navode, zami\u0161ljen kao kreativni i inovativni centar, zajedni\u010dki radni prostor i platforma za razmjenu znanja i umre\u017eavanje, ali i kancelarija za tim ljudi koji namjeravaju da pokrenu startap ili jednostavno odli\u010dan prostor za frilensere.<\/p>\n\n\n\n<p>Preuzeto sa: <a href=\"https:\/\/www.banjaluka.rs.ba\/gradska-razvojna-agencija-otvorila-hab\/\" data-type=\"URL\" data-id=\"https:\/\/www.banjaluka.rs.ba\/gradska-razvojna-agencija-otvorila-hab\/\" target=\"_blank\" rel=\"noreferrer noopener\">Grad Banja Luka<\/a><\/p>\n","protected":false},"excerpt":{"rendered":"<p>Gradska razvojna agencija (CIDEA) je u okviru projekta CCI4TOURISM otvorila kulturno-kreativni hab, koji je zami\u0161ljen kao Kreativni i inovativni centar.<\/p>\n","protected":false},"author":1,"featured_media":9210,"comment_status":"closed","ping_status":"open","sticky":false,"template":"","format":"standard","meta":{"om_disable_all_campaigns":false,"_monsterinsights_skip_tracking":false,"_monsterinsights_sitenote_active":false,"_monsterinsights_sitenote_note":"","_monsterinsights_sitenote_category":0,"footnotes":""},"categories":[2],"tags":[343,273,4822,2763],"class_list":["post-9209","post","type-post","status-publish","format-standard","has-post-thumbnail","hentry","category-vijesti","tag-cidea","tag-gradska-razvojna-agencija","tag-kulturno-kreativni-hab","tag-otvoren"],"jetpack_featured_media_url":"https:\/\/www.mladibl.com\/wp-content\/uploads\/2021\/05\/Gradska-razvojna-agencija-otvorila-kulturno-kreativni-hab.jpg","amp_enabled":true,"_links":{"self":[{"href":"https:\/\/www.mladibl.com\/index.php?rest_route=\/wp\/v2\/posts\/9209","targetHints":{"allow":["GET"]}}],"collection":[{"href":"https:\/\/www.mladibl.com\/index.php?rest_route=\/wp\/v2\/posts"}],"about":[{"href":"https:\/\/www.mladibl.com\/index.php?rest_route=\/wp\/v2\/types\/post"}],"author":[{"embeddable":true,"href":"https:\/\/www.mladibl.com\/index.php?rest_route=\/wp\/v2\/users\/1"}],"replies":[{"embeddable":true,"href":"https:\/\/www.mladibl.com\/index.php?rest_route=%2Fwp%2Fv2%2Fcomments&post=9209"}],"version-history":[{"count":1,"href":"https:\/\/www.mladibl.com\/index.php?rest_route=\/wp\/v2\/posts\/9209\/revisions"}],"predecessor-version":[{"id":9211,"href":"https:\/\/www.mladibl.com\/index.php?rest_route=\/wp\/v2\/posts\/9209\/revisions\/9211"}],"wp:featuredmedia":[{"embeddable":true,"href":"https:\/\/www.mladibl.com\/index.php?rest_route=\/wp\/v2\/media\/9210"}],"wp:attachment":[{"href":"https:\/\/www.mladibl.com\/index.php?rest_route=%2Fwp%2Fv2%2Fmedia&parent=9209"}],"wp:term":[{"taxonomy":"category","embeddable":true,"href":"https:\/\/www.mladibl.com\/index.php?rest_route=%2Fwp%2Fv2%2Fcategories&post=9209"},{"taxonomy":"post_tag","embeddable":true,"href":"https:\/\/www.mladibl.com\/index.php?rest_route=%2Fwp%2Fv2%2Ftags&post=9209"}],"curies":[{"name":"wp","href":"https:\/\/api.w.org\/{rel}","templated":true}]}}