{"id":9076,"date":"2021-05-13T08:45:13","date_gmt":"2021-05-13T06:45:13","guid":{"rendered":"http:\/\/www.mladibl.com\/?p=9076"},"modified":"2021-05-13T08:45:15","modified_gmt":"2021-05-13T06:45:15","slug":"najava-panel-diskusije-uloga-mladih-u-antifasistickoj-borbi-danas","status":"publish","type":"post","link":"https:\/\/www.mladibl.com\/?p=9076","title":{"rendered":"Najava panel diskusije \u201cUloga mladih u antifa\u0161isti\u010dkoj borbi danas\u201d"},"content":{"rendered":"\n<p>Kad: 19. maj 2021. u 18:00 sati<\/p>\n\n\n\n<p>Mjesto: ZOOM platforma<\/p>\n\n\n\n<p>Udru\u017eenje Mre\u017ea za izgradnju mira Vas poziva na panel diskusiju \u201eUloga mladih u antifa\u0161isti\u010dkoj borbi danas\u201c, koja se odr\u017eava 19. maja 2021, s po\u010detkom u 18:00 sati na ZOOM platformi.<\/p>\n\n\n\n<p>I pored napora da se fa\u0161izam u Bosni i Hercegovini iskorijeni i dalje svjedo\u010dimo veli\u010danju ideologija nastalih na fa\u0161izmu, svjedo\u010dimo nazivima ulica, \u0161kola i studentskih domova koji nose imena fa\u0161ista, a na\u0161e zgrade \u201ekrase\u201c murali posve\u0107eni osu\u0111enim ratnim zlo\u010dincima. Pandemija COVID-19 i sveprisutni digitalni na\u010din komuniciranja sve vi\u0161e otvara prostor govoru mr\u017enje i pozivanju na zlo\u010dine iz mr\u017enje prema drugom i druga\u010dijem. Mre\u017ea za izgradnju mira vrednije i njeguje vrijednosti antifa\u0161izma i antifa\u0161isti\u010dke borbe, a posebnu pa\u017enju pola\u017ee u osvje\u0161tavanje i djelovanje mladih generacija u borbi protiv fa\u0161izma, smatraju\u0107i da je budu\u0107nost u rukama mladih. Stoga, povodom Dana pobjede nad fa\u0161izmom i Dana Evrope, koji je obilje\u017een 9. maja 2021, Mre\u017ea za izgradnju mira je pozvala i podr\u017eala omladinske kolektive pri organiziranju njihovih umjetni\u010dko-aktivisti\u010dkih akcija.<\/p>\n\n\n\n<p>Pridru\u017eite nam se na panel diskusiji i sa mladim aktivistima i aktivisticama iz cijele BiH razgovarajte o akcijama koje su organizirali povodom obilje\u017eavanja Dana pobjede nad fa\u0161izmom, zna\u010daju u\u010de\u0161\u0107a i ulozi mladih u borbi protiv fa\u0161izma, te na\u010dinima na koji mladi i omladinske organizacije osvje\u0161tavaju svoje vr\u0161njake i vr\u0161njakinje, ali i daju lekciju generalnoj janosti za\u0161to je za fa\u0161izam uvijek \u201eNo pasaran\u201c.<\/p>\n\n\n\n<p>Govornici_e \u0107e biti:<\/p>\n\n\n\n<ul class=\"wp-block-list\"><li>Kerim Hod\u017ei\u0107 i Rasim Kalajevac, Omladinski pokret Revolt<\/li><li>Lejla Huremovi\u0107 ispred Centra za mlade KVART i OO. Bh. povorke ponosa<\/li><li>Novica Bogdanovi\u0107, DIS-a \u2013 Pozori\u0161ta mladih Banja Luka<\/li><li>Aida Tiri\u0107, koordinatorica Kick-a pri udru\u017eenju Alternative Kakanj<\/li><li>Maida Zagorac, Mre\u017ea za izgradnju mira<\/li><\/ul>\n\n\n\n<p>Panel diskusiju moderira \u0110or\u0111e Kraji\u0161nik, novinar i saradnik Mre\u017ee za izgradnju mira<\/p>\n\n\n\n<p>ZOOM link \u0107ete dobiti nakon prijave na panel diskusiju, koju mo\u017eete izvr\u0161iti putem e-maila na <strong><a href=\"mailto:maida.zagorac@mreza-mira.net\" target=\"_blank\" rel=\"noreferrer noopener\" aria-label=\"maida.zagorac@mreza-mira.net (opens in a new tab)\">maida.zagorac@mreza-mira.net<\/a><\/strong>, info@mreza-mira.net, kao i na brojeve telefona +387 33 741 080 \u2013 Mob: +387 61 489 833, Kontakt osoba je Maida Zagorac.<\/p>\n\n\n\n<p>Panel diskusiju mo\u017eete pratiti i u\u017eivo na facebook profilu Mre\u017ee za izgradnju mira.<\/p>\n\n\n\n<p>Preuzeto sa: <a href=\"https:\/\/www.mreza-mira.net\/vijesti\/seminari-treninzi\/najava-panel-diskusije-uloga-mladih-u-antifasistickoj-borbi-danas\/\" target=\"_blank\" rel=\"noreferrer noopener\" aria-label=\"mreza-mira.net (opens in a new tab)\">mreza-mira.net<\/a><\/p>\n","protected":false},"excerpt":{"rendered":"<p>Kad: 19. maj 2021. u 18:00 sati Mjesto: ZOOM platforma Udru\u017eenje Mre\u017ea za izgradnju mira Vas poziva na panel diskusiju<\/p>\n","protected":false},"author":1,"featured_media":9077,"comment_status":"closed","ping_status":"open","sticky":false,"template":"","format":"standard","meta":{"om_disable_all_campaigns":false,"_monsterinsights_skip_tracking":false,"_monsterinsights_sitenote_active":false,"_monsterinsights_sitenote_note":"","_monsterinsights_sitenote_category":0,"footnotes":""},"categories":[6],"tags":[4760,3900,676,4759],"class_list":["post-9076","post","type-post","status-publish","format-standard","has-post-thumbnail","hentry","category-dogadjaji","tag-antifasisticka-borba","tag-najava","tag-panel-diskusija","tag-uloga-mladih"],"jetpack_featured_media_url":"https:\/\/www.mladibl.com\/wp-content\/uploads\/2021\/05\/Najava-panel-diskusije-\u201cUloga-mladih-u-antifa\u0161isti\u010dkoj-borbi-danas\u201d.jpg","amp_enabled":true,"_links":{"self":[{"href":"https:\/\/www.mladibl.com\/index.php?rest_route=\/wp\/v2\/posts\/9076","targetHints":{"allow":["GET"]}}],"collection":[{"href":"https:\/\/www.mladibl.com\/index.php?rest_route=\/wp\/v2\/posts"}],"about":[{"href":"https:\/\/www.mladibl.com\/index.php?rest_route=\/wp\/v2\/types\/post"}],"author":[{"embeddable":true,"href":"https:\/\/www.mladibl.com\/index.php?rest_route=\/wp\/v2\/users\/1"}],"replies":[{"embeddable":true,"href":"https:\/\/www.mladibl.com\/index.php?rest_route=%2Fwp%2Fv2%2Fcomments&post=9076"}],"version-history":[{"count":1,"href":"https:\/\/www.mladibl.com\/index.php?rest_route=\/wp\/v2\/posts\/9076\/revisions"}],"predecessor-version":[{"id":9078,"href":"https:\/\/www.mladibl.com\/index.php?rest_route=\/wp\/v2\/posts\/9076\/revisions\/9078"}],"wp:featuredmedia":[{"embeddable":true,"href":"https:\/\/www.mladibl.com\/index.php?rest_route=\/wp\/v2\/media\/9077"}],"wp:attachment":[{"href":"https:\/\/www.mladibl.com\/index.php?rest_route=%2Fwp%2Fv2%2Fmedia&parent=9076"}],"wp:term":[{"taxonomy":"category","embeddable":true,"href":"https:\/\/www.mladibl.com\/index.php?rest_route=%2Fwp%2Fv2%2Fcategories&post=9076"},{"taxonomy":"post_tag","embeddable":true,"href":"https:\/\/www.mladibl.com\/index.php?rest_route=%2Fwp%2Fv2%2Ftags&post=9076"}],"curies":[{"name":"wp","href":"https:\/\/api.w.org\/{rel}","templated":true}]}}