{"id":9042,"date":"2021-05-12T02:02:22","date_gmt":"2021-05-12T00:02:22","guid":{"rendered":"http:\/\/www.mladibl.com\/?p=9042"},"modified":"2021-05-12T02:02:23","modified_gmt":"2021-05-12T00:02:23","slug":"panel-diskusija-o-aktivizmu-mladih-mladi-i-svijet-koji-se-mijenja","status":"publish","type":"post","link":"https:\/\/www.mladibl.com\/?p=9042","title":{"rendered":"Panel diskusija o aktivizmu mladih: Mladi i svijet koji se mijenja"},"content":{"rendered":"\n<p>U utorak, 18.5. u 18h po\u010dinje doga\u0111aj za mlade pod nazivom &#8221;Mladi i svijet koji se mijenja&#8221;.<\/p>\n\n\n\n<p>Svoja iskustva dijele mladi aktivisti Tatjana Mijanovi\u0107 iz \u0160amca, Muhamed Meki\u0107 iz Busova\u010de, Nurdin Begovi\u0107 iz Vare\u0161a, Ivan Peri\u0107 iz Prozor-Rame i \u0110or\u0111e Boji\u0107 iz Kotor Varo\u0161i. Moderatori su Samir Mahmi\u0107 i reper Frenkie koji godinama radi sa mladima.<\/p>\n\n\n\n<p>Imat \u0107ete priliku slu\u0161ati o iskustvima ovih mladih ljudi koji su htjeli oti\u0107i, ali su odlu\u010dili ostati ovdje i napraviti ne\u0161to da bude bolje njima i svima nama. Govorit \u0107e o prilikama koje kao mlade osobe u svojim zajednicama imate ili kako da ih kreirate tamo gdje ih nema, kako da pro\u0161irite mre\u017eu poznanstava, upoznate se sa vr\u0161njacima iz drugih gradova, pove\u017eete i sura\u0111ujete. Oni su uspjeli &#8211; mo\u017eete i vi!<\/p>\n\n\n\n<p>Za vi\u0161e detalja posjetite <strong><a href=\"https:\/\/www.facebook.com\/events\/476325670368860\/\" target=\"_blank\" rel=\"noreferrer noopener\" aria-label=\"link (opens in a new tab)\">link<\/a><\/strong> u opisu na\u0161eg profila! Vidimo se<\/p>\n\n\n\n<p>Vi\u0161e informacija na: <strong><a href=\"https:\/\/www.facebook.com\/events\/476325670368860\/\" target=\"_blank\" rel=\"noreferrer noopener\" aria-label=\"https:\/\/www.facebook.com\/events\/476325670368860\/ (opens in a new tab)\">https:\/\/www.facebook.com\/events\/476325670368860\/<\/a><\/strong><\/p>\n\n\n\n<p>Preuzeto sa: <a href=\"https:\/\/www.instagram.com\/p\/COuopFnrQ8t\" target=\"_blank\" rel=\"noreferrer noopener\" aria-label=\"Instagram probuducnost (opens in a new tab)\">Instagram probuducnost<\/a><\/p>\n","protected":false},"excerpt":{"rendered":"<p>U utorak, 18.5. u 18h po\u010dinje doga\u0111aj za mlade pod nazivom &#8221;Mladi i svijet koji se mijenja&#8221;. Svoja iskustva dijele<\/p>\n","protected":false},"author":1,"featured_media":9043,"comment_status":"closed","ping_status":"open","sticky":false,"template":"","format":"standard","meta":{"om_disable_all_campaigns":false,"_monsterinsights_skip_tracking":false,"_monsterinsights_sitenote_active":false,"_monsterinsights_sitenote_note":"","_monsterinsights_sitenote_category":0,"footnotes":""},"categories":[6],"tags":[3474,33,676],"class_list":["post-9042","post","type-post","status-publish","format-standard","has-post-thumbnail","hentry","category-dogadjaji","tag-aktivizam-mladih","tag-mladi","tag-panel-diskusija"],"jetpack_featured_media_url":"https:\/\/www.mladibl.com\/wp-content\/uploads\/2021\/05\/Panel-diskusija-o-aktivizmu-mladih_-Mladi-i-svijet-koji-se-mijenja.jpg__nc_cat104ccb1-3_nc_sid973b4a_nc_ohcbvxXT7skG4cAX_Swhj9_nc_htscontent.fbeg4-1.jpg","amp_enabled":true,"_links":{"self":[{"href":"https:\/\/www.mladibl.com\/index.php?rest_route=\/wp\/v2\/posts\/9042","targetHints":{"allow":["GET"]}}],"collection":[{"href":"https:\/\/www.mladibl.com\/index.php?rest_route=\/wp\/v2\/posts"}],"about":[{"href":"https:\/\/www.mladibl.com\/index.php?rest_route=\/wp\/v2\/types\/post"}],"author":[{"embeddable":true,"href":"https:\/\/www.mladibl.com\/index.php?rest_route=\/wp\/v2\/users\/1"}],"replies":[{"embeddable":true,"href":"https:\/\/www.mladibl.com\/index.php?rest_route=%2Fwp%2Fv2%2Fcomments&post=9042"}],"version-history":[{"count":1,"href":"https:\/\/www.mladibl.com\/index.php?rest_route=\/wp\/v2\/posts\/9042\/revisions"}],"predecessor-version":[{"id":9044,"href":"https:\/\/www.mladibl.com\/index.php?rest_route=\/wp\/v2\/posts\/9042\/revisions\/9044"}],"wp:featuredmedia":[{"embeddable":true,"href":"https:\/\/www.mladibl.com\/index.php?rest_route=\/wp\/v2\/media\/9043"}],"wp:attachment":[{"href":"https:\/\/www.mladibl.com\/index.php?rest_route=%2Fwp%2Fv2%2Fmedia&parent=9042"}],"wp:term":[{"taxonomy":"category","embeddable":true,"href":"https:\/\/www.mladibl.com\/index.php?rest_route=%2Fwp%2Fv2%2Fcategories&post=9042"},{"taxonomy":"post_tag","embeddable":true,"href":"https:\/\/www.mladibl.com\/index.php?rest_route=%2Fwp%2Fv2%2Ftags&post=9042"}],"curies":[{"name":"wp","href":"https:\/\/api.w.org\/{rel}","templated":true}]}}