{"id":9039,"date":"2021-05-12T01:57:31","date_gmt":"2021-05-11T23:57:31","guid":{"rendered":"http:\/\/www.mladibl.com\/?p=9039"},"modified":"2021-05-12T01:57:32","modified_gmt":"2021-05-11T23:57:32","slug":"online-diskusija-o-slobodi-medija-pustipricudazivi","status":"publish","type":"post","link":"https:\/\/www.mladibl.com\/?p=9039","title":{"rendered":"Online diskusija o slobodi medija \u2013 #PustiPri\u010duDa\u017divi"},"content":{"rendered":"\n<p>U sklopu mjeseca slobode medija povodom Svjetskog dana slobode medija \u2013 3. maja, USAID-ov Program osna\u017eivanja nezavisnih medija (IMEP) organizuje online diskusiju u utorak, 25. maja 2021. godine, u periodu od 11:00 do 13:00h, putem Zoom platforme.<\/p>\n\n\n\n<p>Uvodni\u010dari\/ke na debati \u0107e biti Kristina Ljevak, freelance novinarka, Amir Zuki\u0107, direktor vijesti i programa N1 i Edin Zub\u010devi\u0107, odgovorni urednik Portala slobode Nomad. Moderator diskusije je Senad Had\u017eifejzovi\u0107,novinar i urednik FACE TV.<\/p>\n\n\n\n<p>Cilj debate #PustiPri\u010duDa\u017divi je da uvodni\u010dari\/ka, i ostali u\u010desnici\/e doga\u0111aja koji to \u017eele, iznesu svoja zapa\u017eanja i iskustva o temama koje optere\u0107uju medijsku zajednicu, kao i da se \u010duju prijedlozi za rje\u0161avanje nekih od izazova u ostvarivanju medijskih sloboda u Bosni i Hercegovini.<\/p>\n\n\n\n<p>Blizu hiljadu medija, od kojih je vi\u0161e od polovine na webu, produciraju svakodnevno i nekoliko hiljada informacija razli\u010ditog kvaliteta. Kakve su to informacije, kakvog su kvaliteta, koje vrste pritisaka postoje, koliko na medijske slobode uti\u010de cenzura, autocenzura i ekonomska nemo\u0107 medija i novinara, ko radi na osnovu po\u0161tenja i ideala, a ko ima koristi od manipulacije \u2013 o svemu tome i o drugim goru\u0107im temama \u0107emo razgovarati na dogadjaju. Pozivamo vas da nam se pridru\u017eite na diskusiji koja \u0107e obogatiti va\u0161a znanja, dati potvrdu va\u0161ih razmi\u0161ljanja ili otvoriti nove vidike. <\/p>\n\n\n\n<p>Rok za prijavu na doga\u0111aj je ponedjeljak, 24. maj 2021. godine do 12:00h. <\/p>\n\n\n\n<p>Obezbijedite svoje u\u010de\u0161\u0107e putem linka: <strong><a href=\"http:\/\/bit.ly\/PustiPricuDaZivi\" target=\"_blank\" rel=\"noreferrer noopener\" aria-label=\"http:\/\/bit.ly\/PustiPricuDaZivi (opens in a new tab)\">http:\/\/bit.ly\/PustiPricuDaZivi<\/a><\/strong><\/p>\n\n\n\n<p>Program online diskusije je dostupan na linku: <strong><a href=\"http:\/\/bit.ly\/ProgramDiskusije\" target=\"_blank\" rel=\"noreferrer noopener\" aria-label=\"http:\/\/bit.ly\/ProgramDiskusije (opens in a new tab)\">http:\/\/bit.ly\/ProgramDiskusije<\/a><\/strong><\/p>\n\n\n\n<p>Preuzeto sa: <a href=\"https:\/\/imep.ba\/2021\/05\/11\/online-diskusija-o-slobodi-medija-pustipricudazivi\/\" target=\"_blank\" rel=\"noreferrer noopener\" aria-label=\"imep.ba (opens in a new tab)\">imep.ba<\/a><\/p>\n","protected":false},"excerpt":{"rendered":"<p>U sklopu mjeseca slobode medija povodom Svjetskog dana slobode medija \u2013 3. maja, USAID-ov Program osna\u017eivanja nezavisnih medija (IMEP) organizuje<\/p>\n","protected":false},"author":1,"featured_media":9040,"comment_status":"closed","ping_status":"open","sticky":false,"template":"","format":"standard","meta":{"om_disable_all_campaigns":false,"_monsterinsights_skip_tracking":false,"_monsterinsights_sitenote_active":false,"_monsterinsights_sitenote_note":"","_monsterinsights_sitenote_category":0,"footnotes":""},"categories":[6],"tags":[1364,1073,424,4734,4733],"class_list":["post-9039","post","type-post","status-publish","format-standard","has-post-thumbnail","hentry","category-dogadjaji","tag-diskusija","tag-imep","tag-online","tag-pustipricudazivi","tag-slobodan-medija"],"jetpack_featured_media_url":"https:\/\/www.mladibl.com\/wp-content\/uploads\/2021\/05\/Online-diskusija-o-slobodi-medija-\u2013-PustiPri\u010duDa\u017divi.jpg","amp_enabled":true,"_links":{"self":[{"href":"https:\/\/www.mladibl.com\/index.php?rest_route=\/wp\/v2\/posts\/9039","targetHints":{"allow":["GET"]}}],"collection":[{"href":"https:\/\/www.mladibl.com\/index.php?rest_route=\/wp\/v2\/posts"}],"about":[{"href":"https:\/\/www.mladibl.com\/index.php?rest_route=\/wp\/v2\/types\/post"}],"author":[{"embeddable":true,"href":"https:\/\/www.mladibl.com\/index.php?rest_route=\/wp\/v2\/users\/1"}],"replies":[{"embeddable":true,"href":"https:\/\/www.mladibl.com\/index.php?rest_route=%2Fwp%2Fv2%2Fcomments&post=9039"}],"version-history":[{"count":1,"href":"https:\/\/www.mladibl.com\/index.php?rest_route=\/wp\/v2\/posts\/9039\/revisions"}],"predecessor-version":[{"id":9041,"href":"https:\/\/www.mladibl.com\/index.php?rest_route=\/wp\/v2\/posts\/9039\/revisions\/9041"}],"wp:featuredmedia":[{"embeddable":true,"href":"https:\/\/www.mladibl.com\/index.php?rest_route=\/wp\/v2\/media\/9040"}],"wp:attachment":[{"href":"https:\/\/www.mladibl.com\/index.php?rest_route=%2Fwp%2Fv2%2Fmedia&parent=9039"}],"wp:term":[{"taxonomy":"category","embeddable":true,"href":"https:\/\/www.mladibl.com\/index.php?rest_route=%2Fwp%2Fv2%2Fcategories&post=9039"},{"taxonomy":"post_tag","embeddable":true,"href":"https:\/\/www.mladibl.com\/index.php?rest_route=%2Fwp%2Fv2%2Ftags&post=9039"}],"curies":[{"name":"wp","href":"https:\/\/api.w.org\/{rel}","templated":true}]}}