{"id":9020,"date":"2021-05-12T01:31:43","date_gmt":"2021-05-11T23:31:43","guid":{"rendered":"http:\/\/www.mladibl.com\/?p=9020"},"modified":"2021-05-12T01:31:44","modified_gmt":"2021-05-11T23:31:44","slug":"akvana-pocinje-sa-radom-29-maja","status":"publish","type":"post","link":"https:\/\/www.mladibl.com\/?p=9020","title":{"rendered":"Akvana po\u010dinje sa radom 29. maja"},"content":{"rendered":"\n<p>Banjalu\u010dki vodeni park &#8220;Akvana&#8221; po\u010de\u0107e sa radom 29. maja u skladu sa odlukom nadle\u017enih institucija o dozvoli za rad bazena.<\/p>\n\n\n\n<p>Po\u010detak rada mo\u017ee se pomjeriti u zavisnosti od procjene vremenskih uslova, saop\u0161teno je iz &#8220;Akvane&#8221;.<\/p>\n\n\n\n<p>Pretprodaja sezonskih ulaznica po\u010dinje sutra po cijeni od 50 KM za u\u010denike i studente, te 60 KM za gra\u0111anstvo, a akcija pretprodaje traja\u0107e do 1. juna.<\/p>\n\n\n\n<p>U ponudi su i ulaznice sa odre\u0111enim brojem ulazaka.<\/p>\n\n\n\n<p>Preuzeto sa: <a href=\"https:\/\/www.nezavisne.com\/novosti\/banjaluka\/Akvana-pocinje-sa-radom-29-maja\/660998\" target=\"_blank\" rel=\"noreferrer noopener\" aria-label=\"nezavisne.com (opens in a new tab)\">nezavisne.com<\/a><\/p>\n","protected":false},"excerpt":{"rendered":"<p>Banjalu\u010dki vodeni park &#8220;Akvana&#8221; po\u010de\u0107e sa radom 29. maja u skladu sa odlukom nadle\u017enih institucija o dozvoli za rad bazena.<\/p>\n","protected":false},"author":1,"featured_media":9021,"comment_status":"closed","ping_status":"open","sticky":false,"template":"","format":"standard","meta":{"om_disable_all_campaigns":false,"_monsterinsights_skip_tracking":false,"_monsterinsights_sitenote_active":false,"_monsterinsights_sitenote_note":"","_monsterinsights_sitenote_category":0,"footnotes":""},"categories":[2],"tags":[2948,53,1200,4720],"class_list":["post-9020","post","type-post","status-publish","format-standard","has-post-thumbnail","hentry","category-vijesti","tag-akvana","tag-banja-luka","tag-pocetak","tag-vodeni-park"],"jetpack_featured_media_url":"https:\/\/www.mladibl.com\/wp-content\/uploads\/2021\/05\/Akvana-po\u010dinje-sa-radom-29.-maja.jpg","amp_enabled":true,"_links":{"self":[{"href":"https:\/\/www.mladibl.com\/index.php?rest_route=\/wp\/v2\/posts\/9020","targetHints":{"allow":["GET"]}}],"collection":[{"href":"https:\/\/www.mladibl.com\/index.php?rest_route=\/wp\/v2\/posts"}],"about":[{"href":"https:\/\/www.mladibl.com\/index.php?rest_route=\/wp\/v2\/types\/post"}],"author":[{"embeddable":true,"href":"https:\/\/www.mladibl.com\/index.php?rest_route=\/wp\/v2\/users\/1"}],"replies":[{"embeddable":true,"href":"https:\/\/www.mladibl.com\/index.php?rest_route=%2Fwp%2Fv2%2Fcomments&post=9020"}],"version-history":[{"count":1,"href":"https:\/\/www.mladibl.com\/index.php?rest_route=\/wp\/v2\/posts\/9020\/revisions"}],"predecessor-version":[{"id":9022,"href":"https:\/\/www.mladibl.com\/index.php?rest_route=\/wp\/v2\/posts\/9020\/revisions\/9022"}],"wp:featuredmedia":[{"embeddable":true,"href":"https:\/\/www.mladibl.com\/index.php?rest_route=\/wp\/v2\/media\/9021"}],"wp:attachment":[{"href":"https:\/\/www.mladibl.com\/index.php?rest_route=%2Fwp%2Fv2%2Fmedia&parent=9020"}],"wp:term":[{"taxonomy":"category","embeddable":true,"href":"https:\/\/www.mladibl.com\/index.php?rest_route=%2Fwp%2Fv2%2Fcategories&post=9020"},{"taxonomy":"post_tag","embeddable":true,"href":"https:\/\/www.mladibl.com\/index.php?rest_route=%2Fwp%2Fv2%2Ftags&post=9020"}],"curies":[{"name":"wp","href":"https:\/\/api.w.org\/{rel}","templated":true}]}}