{"id":8947,"date":"2021-05-10T09:07:38","date_gmt":"2021-05-10T07:07:38","guid":{"rendered":"http:\/\/www.mladibl.com\/?p=8947"},"modified":"2021-05-10T09:07:38","modified_gmt":"2021-05-10T07:07:38","slug":"od-novembra-avio-linija-banjaluka-stokholm-do-ponedjeljka-promotivna-cijena","status":"publish","type":"post","link":"https:\/\/www.mladibl.com\/?p=8947","title":{"rendered":"Od novembra avio-linija Banjaluka-\u0160tokholm, do ponedjeljka promotivna cijena"},"content":{"rendered":"\n<p>Evropska avio-kompanija Ryanair najavila je danas novu liniju iz Banjaluke za \u0160tokholm Arlanda, dva puta sedmi\u010dno od 2. novembra, kao dio Ryanair-ovog rasporeda pod nazivom &#8220;Bosnian Winter 21&#8221;. saop\u0161teno je iz ove kompanije.<\/p>\n\n\n\n<p>Putnici iz Bosne i Hercegovine sada mogu rezervisati zimsko putovanje do marta 2022. godine.<\/p>\n\n\n\n<p>U znak proslave, Ryanair je pokrenuo prodaju karata po cijenama od 19,99 evra za putovanja do kraja marta 2022. godine, a koja se moraju rezervisati do nedjelje, 9. maja u pono\u0107, i to samo preko web stranice Ryanair.com.<\/p>\n\n\n\n<p>&#8220;Obzirom da se programi za vakcinaciju nastavljaju u narednim mjesecima, vazdu\u0161ni saobra\u0107aj \u0107e se pove\u0107avati i drago nam je \u0161to mo\u017eemo najaviti ovu novu liniju iz Banjaluke za Stockholm Arlanda, koja \u0107e saobra\u0107ati dva puta nedjeljno od 2. novembra kao dio na\u0161eg rasporeda pod nazivom &#8216;Bosnian Winter 21&#8242;&#8221;, rekla je direktorica prodaje i marketinga Ryanair-a za CEE i Balkan, Olga Pavlonka.<\/p>\n\n\n\n<p>\u0160to se ti\u010de navedene promotivne cijene od 19,99 evra, kupci karata bi se trebali prijaviti na www.ryanair.com, te sebi osigurati karte po najni\u017eim cijenama, napominju iz ove avio-kompanije.<\/p>\n\n\n\n<p>Portparolka Aerodroma Banjaluka Sanela Kasalovi\u0107 rekla je da Aerodrom spreman za nove letove, a u skladu sa mjerama protiv virusa korona.<\/p>\n\n\n\n<p>&#8220;Aerodrom Banjaluka je spreman za nove letove, a u skladu sa svim zahtjevima nadle\u017enih institucija za sprije\u010davanje \u0161irenja virusa COVID 19. Nadamo se da \u0107e do po\u010detka letova uslovi putovanja zbog aktuelne pandemije biti olak\u0161ani te da \u0107emo, u saradnji sa avio-kompanijama sa kojima uspje\u0161no sara\u0111ujemo, omogu\u0107iti ponovo putovanja prema cijelom Svijetu na radost gra\u0111ana i svih putnika sa aerodroma Banjaluka&#8221;, rekla je Kasalovi\u0107.<\/p>\n\n\n\n<p>Preuzeto sa: <a href=\"https:\/\/www.nezavisne.com\/ekonomija\/privreda\/Od-novembra-avio-linija-Banjaluka-Stokholm-do-ponedjeljka-promotivna-cijena\/660369\" target=\"_blank\" rel=\"noreferrer noopener\" aria-label=\"nezavisne.com (opens in a new tab)\">nezavisne.com<\/a><\/p>\n","protected":false},"excerpt":{"rendered":"<p>Evropska avio-kompanija Ryanair najavila je danas novu liniju iz Banjaluke za \u0160tokholm Arlanda, dva puta sedmi\u010dno od 2. novembra, kao<\/p>\n","protected":false},"author":1,"featured_media":8948,"comment_status":"closed","ping_status":"open","sticky":false,"template":"","format":"standard","meta":{"om_disable_all_campaigns":false,"_monsterinsights_skip_tracking":false,"_monsterinsights_sitenote_active":false,"_monsterinsights_sitenote_note":"","_monsterinsights_sitenote_category":0,"footnotes":""},"categories":[2],"tags":[4677,53,4376,3871,4401],"class_list":["post-8947","post","type-post","status-publish","format-standard","has-post-thumbnail","hentry","category-vijesti","tag-avio-linija","tag-banja-luka","tag-letovi","tag-ryanair","tag-stokholm"],"jetpack_featured_media_url":"https:\/\/www.mladibl.com\/wp-content\/uploads\/2021\/05\/Od-novembra-avio-linija-Banjaluka-\u0160tokholm-do-ponedjeljka-promotivna-cijena.jpg","amp_enabled":true,"_links":{"self":[{"href":"https:\/\/www.mladibl.com\/index.php?rest_route=\/wp\/v2\/posts\/8947","targetHints":{"allow":["GET"]}}],"collection":[{"href":"https:\/\/www.mladibl.com\/index.php?rest_route=\/wp\/v2\/posts"}],"about":[{"href":"https:\/\/www.mladibl.com\/index.php?rest_route=\/wp\/v2\/types\/post"}],"author":[{"embeddable":true,"href":"https:\/\/www.mladibl.com\/index.php?rest_route=\/wp\/v2\/users\/1"}],"replies":[{"embeddable":true,"href":"https:\/\/www.mladibl.com\/index.php?rest_route=%2Fwp%2Fv2%2Fcomments&post=8947"}],"version-history":[{"count":1,"href":"https:\/\/www.mladibl.com\/index.php?rest_route=\/wp\/v2\/posts\/8947\/revisions"}],"predecessor-version":[{"id":8949,"href":"https:\/\/www.mladibl.com\/index.php?rest_route=\/wp\/v2\/posts\/8947\/revisions\/8949"}],"wp:featuredmedia":[{"embeddable":true,"href":"https:\/\/www.mladibl.com\/index.php?rest_route=\/wp\/v2\/media\/8948"}],"wp:attachment":[{"href":"https:\/\/www.mladibl.com\/index.php?rest_route=%2Fwp%2Fv2%2Fmedia&parent=8947"}],"wp:term":[{"taxonomy":"category","embeddable":true,"href":"https:\/\/www.mladibl.com\/index.php?rest_route=%2Fwp%2Fv2%2Fcategories&post=8947"},{"taxonomy":"post_tag","embeddable":true,"href":"https:\/\/www.mladibl.com\/index.php?rest_route=%2Fwp%2Fv2%2Ftags&post=8947"}],"curies":[{"name":"wp","href":"https:\/\/api.w.org\/{rel}","templated":true}]}}