{"id":8902,"date":"2021-05-07T03:10:00","date_gmt":"2021-05-07T01:10:00","guid":{"rendered":"http:\/\/www.mladibl.com\/?p=8902"},"modified":"2021-05-07T03:10:02","modified_gmt":"2021-05-07T01:10:02","slug":"onlajn-kurs-osnove-omladinskog-rada","status":"publish","type":"post","link":"https:\/\/www.mladibl.com\/?p=8902","title":{"rendered":"Onlajn kurs: Osnove omladinskog rada"},"content":{"rendered":"\n<p>Da li vas zanima omladinski rad i kako mo\u017ee izgledati dan u \u017eivotu omladinskog radnika? Pridru\u017eite nam se u 2. izdanju masovnog otvorenog onlajn kursa o osnovama omladinskog rada!<\/p>\n\n\n\n<p>Registrujte se odmah na <strong><a href=\"https:\/\/canvas.instructure.com\/enroll\/CN8FTT\" target=\"_blank\" rel=\"noreferrer noopener\" aria-label=\"https:\/\/canvas.instructure.com\/enroll\/CN8FTT (opens in a new tab)\">https:\/\/canvas.instructure.com\/enroll\/CN8FTT<\/a><\/strong><\/p>\n\n\n\n<p>\u0160ta je omladinski rad? Ko je za? Odakle dolaze? Kako se to radi i ko? Kako se postaje omladinski radnik? Kako se podr\u017eava rad sa mladima? Kako je to povezano sa omladinskom politikom?<\/p>\n\n\n\n<p>Pridru\u017eite se masivnom otvorenom onlajn kursu o osnovama omladinskog rada, koji je razvilo omladinsko partnerstvo EU-Saveta Evrope, da biste istra\u017eili odgovore na ova pitanja i mnoga druga. Kurs vas vodi kroz \u201eosnove\u201c omladinskog rada i daje pregled praksi i politika omladinskog rada \u0161irom Evrope, dok mo\u017eete nau\u010diti o najboljim praksama na terenu, podeliti svoje iskustvo i upoznati druge \u2019.<\/p>\n\n\n\n<p>Nakon uspe\u0161nog prvog izdanja kursa, ponovo pozdravljamo u\u010denike iz celog sveta sa a\u017euriranim sadr\u017eajem kursa. Uklju\u010dili smo rezultate Evropske konvencije o radu sa mladima i druge nedavne razvoje omladinske politike u kurs, a vi mo\u017eete saznati vi\u0161e o primeni Evropske agende za omladinski rad.<\/p>\n\n\n\n<p>Ovaj kurs ako za vas ako ste:<\/p>\n\n\n\n<ul class=\"wp-block-list\"><li>Uklju\u010den u studije omladinskog rada ili procese neformalnog obrazovanja u vezi sa omladinskim radom<\/li><li>Volonter ili plac\u0301eni omladinski radnik<\/li><li>Menad\u017eer za omladinski rad<\/li><li>Odgovorna za planiranje omladinskog rada na op\u0161tinskom nivou<\/li><li>\u010clan omladinske organizacije i drugih omladinskih platformi<\/li><li>Uklju\u010den u kreiranje politike omladinskog rada ili u finansiranje omladinskog rada<\/li><li>Pru\u017ealac obrazovanja za omladinske radnike<\/li><li>Istra\u017eiva\u010d<\/li><li>Zainteresovani za istra\u017eivanje ove teme<\/li><\/ul>\n\n\n\n<p>Kurs zapo\u010dinje 17. maja, a o\u010dekuje se da se zavr\u0161i 1. jula 2021.<\/p>\n\n\n\n<p>Ste zainteresovani? Po\u010dnimo!<\/p>\n\n\n\n<ol class=\"wp-block-list\"><li>Upi\u0161ite se na kurs: <strong><a rel=\"noreferrer noopener\" aria-label=\"https:\/\/canvas.instructure.com\/enroll\/CN8FTT (opens in a new tab)\" href=\"https:\/\/canvas.instructure.com\/enroll\/CN8FTT\" target=\"_blank\">https:\/\/canvas.instructure.com\/enroll\/CN8FTT<\/a><\/strong><\/li><li>Pridru\u017eite se Facebook doga\u0111aju za naredne informacije: <strong><a rel=\"noreferrer noopener\" aria-label=\"https:\/\/www.facebook.com\/events\/215414940342626 (opens in a new tab)\" href=\"https:\/\/www.facebook.com\/events\/215414940342626\" target=\"_blank\">https:\/\/www.facebook.com\/events\/215414940342626<\/a><\/strong><\/li><li>Konektujte se 17. maja 2021. i otkrijte prvi modul.<\/li><\/ol>\n\n\n\n<figure class=\"wp-block-embed-youtube wp-block-embed is-type-video is-provider-youtube wp-embed-aspect-16-9 wp-has-aspect-ratio\"><div class=\"wp-block-embed__wrapper\">\n<iframe loading=\"lazy\" title=\"MOOC on Essentials of Youth Work - Join the course!\" width=\"800\" height=\"450\" src=\"https:\/\/www.youtube.com\/embed\/yzBsB-3FndY?feature=oembed\" frameborder=\"0\" allow=\"accelerometer; autoplay; clipboard-write; encrypted-media; gyroscope; picture-in-picture\" allowfullscreen><\/iframe>\n<\/div><\/figure>\n","protected":false},"excerpt":{"rendered":"<p>Da li vas zanima omladinski rad i kako mo\u017ee izgledati dan u \u017eivotu omladinskog radnika? Pridru\u017eite nam se u 2.<\/p>\n","protected":false},"author":1,"featured_media":8903,"comment_status":"closed","ping_status":"open","sticky":false,"template":"","format":"standard","meta":{"om_disable_all_campaigns":false,"_monsterinsights_skip_tracking":false,"_monsterinsights_sitenote_active":false,"_monsterinsights_sitenote_note":"","_monsterinsights_sitenote_category":0,"footnotes":""},"categories":[4],"tags":[142,408,4658,2819],"class_list":["post-8902","post","type-post","status-publish","format-standard","has-post-thumbnail","hentry","category-edukacija","tag-omladinski-rad","tag-omladinski-radnici","tag-onlajn-kurs","tag-osnove"],"jetpack_featured_media_url":"https:\/\/www.mladibl.com\/wp-content\/uploads\/2021\/05\/Onlajn-kurs_-Osnove-omladinskog-rada.jpg","amp_enabled":true,"_links":{"self":[{"href":"https:\/\/www.mladibl.com\/index.php?rest_route=\/wp\/v2\/posts\/8902","targetHints":{"allow":["GET"]}}],"collection":[{"href":"https:\/\/www.mladibl.com\/index.php?rest_route=\/wp\/v2\/posts"}],"about":[{"href":"https:\/\/www.mladibl.com\/index.php?rest_route=\/wp\/v2\/types\/post"}],"author":[{"embeddable":true,"href":"https:\/\/www.mladibl.com\/index.php?rest_route=\/wp\/v2\/users\/1"}],"replies":[{"embeddable":true,"href":"https:\/\/www.mladibl.com\/index.php?rest_route=%2Fwp%2Fv2%2Fcomments&post=8902"}],"version-history":[{"count":1,"href":"https:\/\/www.mladibl.com\/index.php?rest_route=\/wp\/v2\/posts\/8902\/revisions"}],"predecessor-version":[{"id":8904,"href":"https:\/\/www.mladibl.com\/index.php?rest_route=\/wp\/v2\/posts\/8902\/revisions\/8904"}],"wp:featuredmedia":[{"embeddable":true,"href":"https:\/\/www.mladibl.com\/index.php?rest_route=\/wp\/v2\/media\/8903"}],"wp:attachment":[{"href":"https:\/\/www.mladibl.com\/index.php?rest_route=%2Fwp%2Fv2%2Fmedia&parent=8902"}],"wp:term":[{"taxonomy":"category","embeddable":true,"href":"https:\/\/www.mladibl.com\/index.php?rest_route=%2Fwp%2Fv2%2Fcategories&post=8902"},{"taxonomy":"post_tag","embeddable":true,"href":"https:\/\/www.mladibl.com\/index.php?rest_route=%2Fwp%2Fv2%2Ftags&post=8902"}],"curies":[{"name":"wp","href":"https:\/\/api.w.org\/{rel}","templated":true}]}}