{"id":8841,"date":"2021-05-06T08:47:54","date_gmt":"2021-05-06T06:47:54","guid":{"rendered":"http:\/\/www.mladibl.com\/?p=8841"},"modified":"2021-05-06T08:47:55","modified_gmt":"2021-05-06T06:47:55","slug":"brojni-radovi-sirom-grada","status":"publish","type":"post","link":"https:\/\/www.mladibl.com\/?p=8841","title":{"rendered":"Brojni radovi \u0161irom grada"},"content":{"rendered":"\n<p>Dolaskom ljep\u0161eg vremena, Banja Luka je postala veliko gradili\u0161te. \u0160irom grada intenzivirani su radovi, poput onih na gradnji vrti\u0107a u Kuljanima i Vrbanji, te zavr\u0161etku novog mosta u Srpskim Toplicama.<\/p>\n\n\n\n<p>U narednom periodu po\u010dinje realizacija brojnih projekata, a neki od njih su gradnja najve\u0107eg gradskog parka, ure\u0111enje obala Vrbasa, novi mostovi, vodovodi, saobra\u0107ajnice, biciklisti\u010dke staze, prvo dajak pristani\u0161te, i drugi.<\/p>\n\n\n\n<p>Ve\u0107 tokom ove sedmice, kako je najavio gradona\u010delnik Dra\u0161ko Stanivukovi\u0107, bi\u0107e stavljena u funkciju nova dvorana na Stra\u010devici za \u010diji je kompletan zavr\u0161etak bilo potrebno obezbijediti dodatna sredstava.<\/p>\n\n\n\n<p>-Nastavljamo i radove na gradnji dvorane na Lau\u0161u, za \u0161ta je obezbije\u0111eno preko milion i po KM. Radi\u0107emo dvije va\u017ene ulice u Kuljanima i u Debeljacima \u2013 kazao je on.<\/p>\n\n\n\n<p>Za nedjelju, 9. maj najavio je po\u010detak intenzivnih i zna\u010dajnih radova na izgradnji najve\u0107eg gradskog parka.<\/p>\n\n\n\n<p>-Ovaj projekat nam mnogo zna\u010di. \u017delimo da Banja Luka, pored gra\u0111evina, dobije i zelene oaze ne samo na periferiji, nego i u centru grada. Budu\u0107i park da\u0107e potpuno novi izgled i ambijent na\u0161em gradu \u2013 naglasio je Stanivukovi\u0107.<\/p>\n\n\n\n<p>Po\u010dinju da se grade i va\u017ene dionice za vodosnabdijevanje, a prema gradona\u010delnikovim rije\u010dima, uz zavr\u0161etak projekta \u201cVoda 1\u201c i radova iz ciklusa \u201eVoda 2\u201c \u2013 do kraja godine bi\u0107e obezbije\u0111eno i osam miliona KM granta za projekat \u201eVoda 3\u201c.<\/p>\n\n\n\n<p>-Kroz dvije godine, u velikom procentu bi\u0107e rije\u0161en najve\u0107i problem vodosnabdijevanja na teritoriji Banje Luke \u2013 naveo je on.<\/p>\n\n\n\n<p>Kada je rije\u010d o saobra\u0107aju, planirano je da budu rije\u0161ene i dvije va\u017ene raskrsnice u gradu, kod \u201cEkvatora\u201c i raskrsnica pored, \u0161to \u0107e omogu\u0107iti bolju frekvenciju prema budu\u0107em mostu u Docu \u010dija je gradnja tako\u0111e u planu nove administracije.<\/p>\n\n\n\n<p>\u2013 Planirana je i izgradnja nekoliko kilometara biciklisti\u010dkih staza u u\u017eem centru, u kojem ih je jako izazovno raditi, ali i nastavak gradnje staza na isto\u010dnom tranzitu. Dakle, optimisti\u010dno idemo da radimo i da ostavljamo tragove iza nas \u2013 zaklju\u010dio je gradona\u010denik.<\/p>\n\n\n\n<p>Preuzeto sa: <a href=\"https:\/\/www.banjaluka.rs.ba\/brojni-radovi-sirom-grada\/\" target=\"_blank\" rel=\"noreferrer noopener\" aria-label=\"Grad Banja Luka (opens in a new tab)\">Grad Banja Luka<\/a><\/p>\n","protected":false},"excerpt":{"rendered":"<p>Dolaskom ljep\u0161eg vremena, Banja Luka je postala veliko gradili\u0161te. \u0160irom grada intenzivirani su radovi, poput onih na gradnji vrti\u0107a u<\/p>\n","protected":false},"author":1,"featured_media":8842,"comment_status":"closed","ping_status":"open","sticky":false,"template":"","format":"standard","meta":{"om_disable_all_campaigns":false,"_monsterinsights_skip_tracking":false,"_monsterinsights_sitenote_active":false,"_monsterinsights_sitenote_note":"","_monsterinsights_sitenote_category":0,"footnotes":""},"categories":[2],"tags":[4624,27,4625],"class_list":["post-8841","post","type-post","status-publish","format-standard","has-post-thumbnail","hentry","category-vijesti","tag-brojni-radovi","tag-grad-banja-luka","tag-gradiliste"],"jetpack_featured_media_url":"https:\/\/www.mladibl.com\/wp-content\/uploads\/2021\/05\/Brojni-radovi-\u0161irom-grada.jpg","amp_enabled":true,"_links":{"self":[{"href":"https:\/\/www.mladibl.com\/index.php?rest_route=\/wp\/v2\/posts\/8841","targetHints":{"allow":["GET"]}}],"collection":[{"href":"https:\/\/www.mladibl.com\/index.php?rest_route=\/wp\/v2\/posts"}],"about":[{"href":"https:\/\/www.mladibl.com\/index.php?rest_route=\/wp\/v2\/types\/post"}],"author":[{"embeddable":true,"href":"https:\/\/www.mladibl.com\/index.php?rest_route=\/wp\/v2\/users\/1"}],"replies":[{"embeddable":true,"href":"https:\/\/www.mladibl.com\/index.php?rest_route=%2Fwp%2Fv2%2Fcomments&post=8841"}],"version-history":[{"count":1,"href":"https:\/\/www.mladibl.com\/index.php?rest_route=\/wp\/v2\/posts\/8841\/revisions"}],"predecessor-version":[{"id":8843,"href":"https:\/\/www.mladibl.com\/index.php?rest_route=\/wp\/v2\/posts\/8841\/revisions\/8843"}],"wp:featuredmedia":[{"embeddable":true,"href":"https:\/\/www.mladibl.com\/index.php?rest_route=\/wp\/v2\/media\/8842"}],"wp:attachment":[{"href":"https:\/\/www.mladibl.com\/index.php?rest_route=%2Fwp%2Fv2%2Fmedia&parent=8841"}],"wp:term":[{"taxonomy":"category","embeddable":true,"href":"https:\/\/www.mladibl.com\/index.php?rest_route=%2Fwp%2Fv2%2Fcategories&post=8841"},{"taxonomy":"post_tag","embeddable":true,"href":"https:\/\/www.mladibl.com\/index.php?rest_route=%2Fwp%2Fv2%2Ftags&post=8841"}],"curies":[{"name":"wp","href":"https:\/\/api.w.org\/{rel}","templated":true}]}}