{"id":881,"date":"2020-03-11T15:47:05","date_gmt":"2020-03-11T13:47:05","guid":{"rendered":"http:\/\/www.mladibl.com\/?p=881"},"modified":"2020-03-11T15:47:08","modified_gmt":"2020-03-11T13:47:08","slug":"studenti-zavrsnih-godina-na-praksi-u-gradskoj-upravi","status":"publish","type":"post","link":"https:\/\/www.mladibl.com\/?p=881","title":{"rendered":"Studenti zavr\u0161nih godina na praksi u Gradskoj upravi"},"content":{"rendered":"\n<p>Studenti zavr\u0161nih godina sa 10 fakulteta Univerziteta u Banjoj Luci, njih 35, ima\u0107e priliku da studentsku praksu odrade u Gradskoj upravi i gradskim preduze\u0107ima i ustanovama, predvi\u0111eno je protokolom o obavljanju studenstske prakse, koji je danas potpisan u Rektoratu.<\/p>\n\n\n\n<p>U ime Grada, protokol je potpisao gradona\u010delnik Igor Radoji\u010di\u0107 koji je naglasio da je ovo prakti\u010dno nastavak saradnje sa Univerzitetom u Banjoj Luci.<\/p>\n\n\n\n<blockquote class=\"wp-block-quote is-layout-flow wp-block-quote-is-layout-flow\"><p>Omogu\u0107i\u0107emo studentsku praksu za razli\u010dite profile studenata sa ciljem sticanja prakti\u010dnih znanja.<\/p><cite> rekao je Radoji\u010di\u0107. <\/cite><\/blockquote>\n\n\n\n<p>On je dodao, da pored obavljanja studentske praske, Grad Banja Luka i Univerzitet u Banjoj Luci sara\u0111uju u mnogim oblastima.<\/p>\n\n\n\n<p>Ranije smo se dogovorili da podr\u017eimo odr\u017eavanje dana studenata u aprilu u okviru Dana grada, naravno, pod prepostavkom da se epidemiolo\u0161ka situacija u aprilu normalizuje. Grad svake godine podr\u017eava studente i \u0111ake kroz dodjelu stipendije i za te namjene izdvajamo oko 1,5 miliona KM. Radimo i na infrstrukturi, pa je tako u kampusu sada oko kilometar nove LED rasvjete, a pred nama je i renoviranje sportskih igrali\u0161ta u krugu kampusa \u2013 kazao je Radoji\u010di\u0107 i podsjetio da Grad, bilateralno, sa \u010ditavim nizom fakulteta sara\u0111uje na velikom broju projekata, \u0161to je jedan od na\u010din kori\u0161tenja potencijala na\u0161ih mladih ljudi.<\/p>\n\n\n\n<p>Rektor Univerziteta u Banjoj Luci, Radoslav Gajanin, izjavio je da \u0107e studenti, tre\u0107u godinu uzastopno, imati upriliku da sti\u010du prakti\u010dna znanja u Gradskoj upravi.<\/p>\n\n\n\n<blockquote class=\"wp-block-quote is-layout-flow wp-block-quote-is-layout-flow\"><p>Iz godine u godinu broj studenata na praksi je sve ve\u0107i, a ove godine je uklju\u010den i najve\u0107i broj fakulteta. Na ovaj na\u010din realizujemo jedan od na\u0161ih prioriteta, a to je podizanje nivoa kvaliteta prakti\u010dne nastave. Samim tim, na\u0161i studenti sti\u010du dodatne kompetencije koje \u0107e ih preporu\u010diti na tr\u017ei\u0161tu rada.  Imamo odli\u010dnu saradnju sa Gradskom upravom i imamo niz novih ideja na kojima bismo \u017eeljeli da radimo.<\/p><cite> zaklju\u010dio je Gajanin<\/cite><\/blockquote>\n\n\n\n<p>Proces izbora stuednata i javni poziv sprove\u0161\u0107e Univerzitet, a za studentsku praksu mogu konkurisati studenti sljede\u0107ih fakulteta: Ekonomskog, Pravnog, Elektrotehni\u010dkog, Prirodno-matemati\u010dkog, Arhitektonsko-gra\u0111evinsko-geodetskog, Tehnolo\u0161kog, Poljoprivrednog, Filozofoskog, Medicinskog i Fakulteta politi\u010dkih nauka.<\/p>\n\n\n\n<p>Studenti \u0107e praksu obavljati u organizacionim jedinicama Gradske uprave, te u Domu zdravlja, Gradskoj razvojnoj agenciji i Centru za razvoj poljoprivrede i sela.<\/p>\n\n\n\n<p>Preuzeto sa: <a href=\"http:\/\/www.banjaluka.rs.ba\/%d1%81%d1%82%d1%83%d0%b4%d0%b5%d0%bd%d1%82%d0%b8-%d0%b7%d0%b0%d0%b2%d1%80%d1%88%d0%bd%d0%b8%d1%85-%d0%b3%d0%be%d0%b4%d0%b8%d0%bd%d0%b0-%d0%bd%d0%b0-%d0%bf%d1%80%d0%b0%d0%ba%d1%81%d0%b8-%d1%83-%d0%b3\/\" target=\"_blank\" rel=\"noreferrer noopener\" aria-label=\"Grad Banja Luka (opens in a new tab)\">Grad Banja Luka<\/a><\/p>\n","protected":false},"excerpt":{"rendered":"<p>Studenti zavr\u0161nih godina sa 10 fakulteta Univerziteta u Banjoj Luci, njih 35, ima\u0107e priliku da studentsku praksu odrade u Gradskoj<\/p>\n","protected":false},"author":1,"featured_media":882,"comment_status":"closed","ping_status":"open","sticky":false,"template":"","format":"standard","meta":{"om_disable_all_campaigns":false,"_monsterinsights_skip_tracking":false,"_monsterinsights_sitenote_active":false,"_monsterinsights_sitenote_note":"","_monsterinsights_sitenote_category":0,"footnotes":""},"categories":[2],"tags":[344,122,62],"class_list":["post-881","post","type-post","status-publish","format-standard","has-post-thumbnail","hentry","category-vijesti","tag-gradska-uprava","tag-praksa","tag-studenti"],"jetpack_featured_media_url":"https:\/\/www.mladibl.com\/wp-content\/uploads\/2020\/03\/Studenti-zavr\u0161nih-godina-na-praksi-u-Gradskoj-upravi.jpg","amp_enabled":true,"_links":{"self":[{"href":"https:\/\/www.mladibl.com\/index.php?rest_route=\/wp\/v2\/posts\/881","targetHints":{"allow":["GET"]}}],"collection":[{"href":"https:\/\/www.mladibl.com\/index.php?rest_route=\/wp\/v2\/posts"}],"about":[{"href":"https:\/\/www.mladibl.com\/index.php?rest_route=\/wp\/v2\/types\/post"}],"author":[{"embeddable":true,"href":"https:\/\/www.mladibl.com\/index.php?rest_route=\/wp\/v2\/users\/1"}],"replies":[{"embeddable":true,"href":"https:\/\/www.mladibl.com\/index.php?rest_route=%2Fwp%2Fv2%2Fcomments&post=881"}],"version-history":[{"count":1,"href":"https:\/\/www.mladibl.com\/index.php?rest_route=\/wp\/v2\/posts\/881\/revisions"}],"predecessor-version":[{"id":883,"href":"https:\/\/www.mladibl.com\/index.php?rest_route=\/wp\/v2\/posts\/881\/revisions\/883"}],"wp:featuredmedia":[{"embeddable":true,"href":"https:\/\/www.mladibl.com\/index.php?rest_route=\/wp\/v2\/media\/882"}],"wp:attachment":[{"href":"https:\/\/www.mladibl.com\/index.php?rest_route=%2Fwp%2Fv2%2Fmedia&parent=881"}],"wp:term":[{"taxonomy":"category","embeddable":true,"href":"https:\/\/www.mladibl.com\/index.php?rest_route=%2Fwp%2Fv2%2Fcategories&post=881"},{"taxonomy":"post_tag","embeddable":true,"href":"https:\/\/www.mladibl.com\/index.php?rest_route=%2Fwp%2Fv2%2Ftags&post=881"}],"curies":[{"name":"wp","href":"https:\/\/api.w.org\/{rel}","templated":true}]}}