{"id":8752,"date":"2021-05-04T08:29:05","date_gmt":"2021-05-04T06:29:05","guid":{"rendered":"http:\/\/www.mladibl.com\/?p=8752"},"modified":"2021-05-04T08:29:06","modified_gmt":"2021-05-04T06:29:06","slug":"atrijum-u-novom-ruhu-za-vjencanja-poseban-ambijent-za-poseban-dan","status":"publish","type":"post","link":"https:\/\/www.mladibl.com\/?p=8752","title":{"rendered":"Atrijum u novom ruhu za vjen\u010danja: Poseban ambijent za poseban dan"},"content":{"rendered":"\n<p>Atrijum Gradske uprave u potpunosti je ure\u0111en i prilago\u0111en budu\u0107im supru\u017enicima, koji \u0107e od sada u mnogo ljep\u0161em i prijatnijem ambijentu izgovarati \u201esudbonosno da\u201c.<\/p>\n\n\n\n<p>Prostor je posebno dekorisan, postavljeni novi namje\u0161taj i prigodna pozadina za vjen\u010danja.<\/p>\n\n\n\n<p>Kreativni tim Gradske uprave potrudio se da dekoracija u atrijumu bude prilago\u0111ena sve\u010danom \u010dinu vjen\u010danja u pastelnim bojama, a istovremeno vrlo moderno aran\u017eirana sa atraktivnim pampasima koji su upotpunili ambijent.<\/p>\n\n\n\n<p>Naime, uprkos pandemiji virusa korona, brakovi na podru\u010dju grada Banje Luke se nesmetano sklapaju, samo je druga\u010dija dinamika i na\u010din obavljanja  \u010dina vjen\u010danja.<\/p>\n\n\n\n<p>Zabrana okupljanja zbog pandemije pove\u0107ala je broj obavljenih vjen\u010danja u slu\u017ebenim prostorijama, te je stoga sve ve\u0107i broj mladenaca koji se odlu\u010duju da vjen\u010danje obave u atrijumu Gradske uprave zbog \u010dega je ovaj prostor dodatno i ure\u0111en.<\/p>\n\n\n\n<p>Preuzeto sa: <a href=\"https:\/\/www.banjaluka.rs.ba\/atrijum-u-novom-ruhu-za-vjencanja\/\" target=\"_blank\" rel=\"noreferrer noopener\" aria-label=\"Grad Banja Luka (opens in a new tab)\">Grad Banja Luka<\/a><\/p>\n","protected":false},"excerpt":{"rendered":"<p>Atrijum Gradske uprave u potpunosti je ure\u0111en i prilago\u0111en budu\u0107im supru\u017enicima, koji \u0107e od sada u mnogo ljep\u0161em i prijatnijem<\/p>\n","protected":false},"author":1,"featured_media":8753,"comment_status":"closed","ping_status":"open","sticky":false,"template":"","format":"standard","meta":{"om_disable_all_campaigns":false,"_monsterinsights_skip_tracking":false,"_monsterinsights_sitenote_active":false,"_monsterinsights_sitenote_note":"","_monsterinsights_sitenote_category":0,"footnotes":""},"categories":[2],"tags":[4592,344,4594,4593],"class_list":["post-8752","post","type-post","status-publish","format-standard","has-post-thumbnail","hentry","category-vijesti","tag-atrijum","tag-gradska-uprava","tag-poseban-ambijent","tag-vjencanja"],"jetpack_featured_media_url":"https:\/\/www.mladibl.com\/wp-content\/uploads\/2021\/05\/Atrijum-u-novom-ruhu-za-vjen\u010danja_-Poseban-ambijent-za-poseban-dan.jpg","amp_enabled":true,"_links":{"self":[{"href":"https:\/\/www.mladibl.com\/index.php?rest_route=\/wp\/v2\/posts\/8752","targetHints":{"allow":["GET"]}}],"collection":[{"href":"https:\/\/www.mladibl.com\/index.php?rest_route=\/wp\/v2\/posts"}],"about":[{"href":"https:\/\/www.mladibl.com\/index.php?rest_route=\/wp\/v2\/types\/post"}],"author":[{"embeddable":true,"href":"https:\/\/www.mladibl.com\/index.php?rest_route=\/wp\/v2\/users\/1"}],"replies":[{"embeddable":true,"href":"https:\/\/www.mladibl.com\/index.php?rest_route=%2Fwp%2Fv2%2Fcomments&post=8752"}],"version-history":[{"count":1,"href":"https:\/\/www.mladibl.com\/index.php?rest_route=\/wp\/v2\/posts\/8752\/revisions"}],"predecessor-version":[{"id":8754,"href":"https:\/\/www.mladibl.com\/index.php?rest_route=\/wp\/v2\/posts\/8752\/revisions\/8754"}],"wp:featuredmedia":[{"embeddable":true,"href":"https:\/\/www.mladibl.com\/index.php?rest_route=\/wp\/v2\/media\/8753"}],"wp:attachment":[{"href":"https:\/\/www.mladibl.com\/index.php?rest_route=%2Fwp%2Fv2%2Fmedia&parent=8752"}],"wp:term":[{"taxonomy":"category","embeddable":true,"href":"https:\/\/www.mladibl.com\/index.php?rest_route=%2Fwp%2Fv2%2Fcategories&post=8752"},{"taxonomy":"post_tag","embeddable":true,"href":"https:\/\/www.mladibl.com\/index.php?rest_route=%2Fwp%2Fv2%2Ftags&post=8752"}],"curies":[{"name":"wp","href":"https:\/\/api.w.org\/{rel}","templated":true}]}}