{"id":8689,"date":"2021-04-30T00:08:23","date_gmt":"2021-04-29T22:08:23","guid":{"rendered":"http:\/\/www.mladibl.com\/?p=8689"},"modified":"2021-04-30T00:08:24","modified_gmt":"2021-04-29T22:08:24","slug":"radno-vrijeme-povodom-predstojecih-vaskrsnjih-i-prvomajskih-praznika","status":"publish","type":"post","link":"https:\/\/www.mladibl.com\/?p=8689","title":{"rendered":"Radno vrijeme povodom predstoje\u0107ih vaskr\u0161njih i prvomajskih praznika"},"content":{"rendered":"\n<p>Povodom predstoje\u0107ih vaskr\u0161njih i prvomajskih praznika obavje\u0161tavamo gra\u0111ane Banje Luke o neradnim danima, te izmijenjenom radnom vremenu za pravna lica i preduzetnike, koji posluju na podru\u010dju grada Banje Luke, de\u017eurstvu mati\u010dara Gradske uprave i rasporedu rada u Domu zdravlja.<\/p>\n\n\n\n<p>U dane pravoslavnog Vaskrsa, koji je po Zakonu o praznicima Republike Srpske (\u201eSlu\u017ebeni glasnik Republike Srpske\u201c, broj 43\/07) vjerski praznik, za vjernike pravoslavne vjeroispovijesti, neradni dani bi\u0107e:<\/p>\n\n\n\n<ul class=\"wp-block-list\"><li>30.april \u2013 Veliki petak<\/li><li>2. maj \u2013 Vaskrs<\/li><li>3. maj \u2013 Vaskr\u0161nji ponedjeljak<\/li><\/ul>\n\n\n\n<p>Radnici pravoslavne vjeroispovijesti imaju pravo na pla\u0107eni izostanak sa radnog mjesta u te dane.<\/p>\n\n\n\n<p>U skladu sa Zakonom o praznicima Republike Srpske (\u201eSl.Glasnik RS\u201c  br. 43\/07) neradni dani povodom Me\u0111unarodnog praznika rada su 1. i 2. maj, ali s obzirom na to da drugi dan republi\u010dkog praznika (2.5.2021.) pada u nedjelju u skladu sa gore navedenim zakonom, praznovanje ovog datuma se prenosi u ponedjeljak (3.5.2021.), pa su neradni dani :<\/p>\n\n\n\n<p>1, 2. i 3. maj (subota, nedjelja i ponedjeljak).<br>\nU dane republi\u010dkih praznika ne rade republi\u010dki organi i organizacije, organi jedinice lokalne samouprave, preduze\u0107a, ustanove i druge organizacije i lica koja profesionalno obavljaju uslu\u017ene i proizvodne djelatnosti.<\/p>\n\n\n\n<p>Radno vrijeme za praznike<\/p>\n\n\n\n<p>U skladu sa Zaklju\u010dkom gradona\u010delnika broj 12-G-913\/21 od 27.04.2121. godine, na dan 01.maj 2021. godine, u vremenu od 07,00 do 13,00 \u010dasova, mogu da rade prodajni objekti samostalnih preduzetnika, koji se bave trgovinom na malo mesom, ribom i cvije\u0107em u skladu sa Zahtjevom Zanatsko-preduzetni\u010dke komore Republike Srpske.<\/p>\n\n\n\n<p>U skladu sa Odlukom o odre\u0111ivanju radnog vremena pravnim licima i preduzetnicima, koji obavljaju trgovinsku, zanatsku i uslu\u017enu djelatnost na podru\u010dju grada tog dana mogu da rade i:<\/p>\n\n\n\n<p>\u2013 u vremenu od 00.00 do 24.00 \u010dasa pravna lica i preduzetnici koji obavljaju djelatnost proizvodnje hljeba, peciva, svje\u017ee tjestenine i kola\u010da, i prodaja istih; trgovinski objekti tipa \u201edragstor\u201c i trgovinski objekti u autobuskim i \u017eeljezni\u010dkim stanicama i na benzinskim pumpnim stanicama, te<\/p>\n\n\n\n<p>\u2013 u vremenu od 8.00 do 21.00 \u010das \u2013 trgovine na malo pogrebnom opremom.<\/p>\n\n\n\n<p>U nedjelju 2. maja 2021. godine u skladu sa Zaklju\u010dkom 12-G-945\/21 od 29.4.2021. godine na podru\u010dju grada Banja Luka dozvoljen je rad samo subjektima iz ta\u010dke III gore navedene Odluke o odre\u0111ivanju radnog vremena pravnim licima i preduzetnicima, koji obavljaju trgovinsku, zanatsku i uslu\u017enu djelatnost na podru\u010dju grada, odnosno:<\/p>\n\n\n\n<p>\u2013 u vremenu od 00.00 do 24.00 \u010dasa pravna lica i preduzetnici koji obavljaju djelatnost proizvodnje hljeba, peciva, svje\u017ee tjestenine i kola\u010da, i prodaja istih; trgovinski objekti tipa \u201edragstor\u201c i trgovinski objekti u autobuskim i \u017eeljezni\u010dkim stanicama i na benzinskim pumpnim stanicama, te<\/p>\n\n\n\n<p>\u2013 u vremenu od 8.00 do 21.00 \u010das \u2013 trgovine na malo pogrebnom opremom.<\/p>\n\n\n\n<p>U ponedjeljak 3. maja na podru\u010dju grada Banja Luka, od 8.00 do 16.00 \u010dasova mogu da rade svi subjekti, kao \u0161to je propisano ta\u010dkom VI Odluke o odre\u0111ivanju radnog vremena pravnim licima i preduzetnicima, koji obavljaju trgovinsku, zanatsku i uslu\u017enu djelatnost na podru\u010dju grada, odnosno:<\/p>\n\n\n\n<p>-u vremenu od 8.00 do 16.00 \u010dasova svi subjekti osim iz ta\u010dke III i ta\u010dke IV Odluke o odre\u0111ivanju radnog vremena pravnim licima i preduzetnicima, koji obavljaju trgovinsku, zanatsku i uslu\u017enu djelatnost na podru\u010dju grada, odnosno:<\/p>\n\n\n\n<p>\u2013 u vremenu od 00.00 do 24.00 \u010dasa pravna lica i preduzetnici koji obavljaju djelatnost proizvodnje hljeba, peciva, svje\u017ee tjestenine i kola\u010da, i prodaja istih; trgovinski objekti tipa \u201edragstor\u201c i trgovinski objekti u autobuskim i \u017eeljezni\u010dkim stanicama i na benzinskim pumpnim stanicama, te<\/p>\n\n\n\n<p>\u2013 u vremenu od 8.00 do 21.00 \u010das \u2013 trgovine na malo pogrebnom opremom.<\/p>\n\n\n\n<p>-trgova\u010dki centri u vremenu od 8.00 do 22.00 \u010dasa.<\/p>\n\n\n\n<p>Poslodavci su radnicima, koji budu radili u dane predstoje\u0107ih praznika, du\u017eni da omogu\u0107e ostvarivanje prava u skladu sa zakonskim propisima o radu.<\/p>\n\n\n\n<p>Ugostiteljski objekti radi\u0107e u skladu sa va\u017ee\u0107om Odlukom Republi\u010dkog \u0161taba za vanredne situacije.<\/p>\n\n\n\n<p>Za vrijeme prvomajskih praznika, radi\u0107e de\u017eurna apoteka \u201ePrvi maj\u201c.<\/p>\n\n\n\n<p>Gradska uprava ne radi 30. aprila i 3. maja<\/p>\n\n\n\n<p>U skladu sa Zakonom o praznicima Republike Srpske, zbog obilje\u017eavanja vaskr\u0161njih praznika i Me\u0111unarodnog praznika rada, Gradska uprava Grada Banja Luka ne\u0107e raditi u petak 30. aprila i ponedjeljak 3. maja 2021. godine.<\/p>\n\n\n\n<p>Iz Odjeljenja za op\u0161tu upravu napominju da \u0107e za eventualne hitne slu\u010dajeve smrti lica \u010dija je tijela potrebno hitno prevesti van teritorije BiH, biti organizovano telefonsko de\u017eurstvo mati\u010dara 30. aprila i 3. maja. Mati\u010dari se mogu kontaktirati 30. aprila u terminu od 08.00 do 13.00 \u010dasova i 3.maja u terminu od 08,00 do 13,00 \u010dasova \u2013 putem telefona broj: 066 938 836.<\/p>\n\n\n\n<p>Dom zdravlja Banja Luka<\/p>\n\n\n\n<p>Za vrijeme vaskr\u0161njih i prvomajskih  praznika (period od 30.04. do 03.05.2021. godine) u JZU \u201cDom zdravlja\u201d u  Banjoj Luci  radi\u0107e se prema posebnom rasporedu, koji detaljno mo\u017eete pogledati na sajtu te ustanove OVDJE.<\/p>\n\n\n\n<p>Javni prevoz<\/p>\n\n\n\n<p>Gradski i prigradski prevoz za vrijeme praznika vozi\u0107e putnike po prazni\u010dnom re\u017eimu odnosno isto kao i nedjeljom.<\/p>\n\n\n\n<p>Preuzeto sa: <a href=\"https:\/\/www.banjaluka.rs.ba\/radno-vrijeme-povodom-predstojecih-vaskrsnjih-i-prvomajskih-praznika\/\" target=\"_blank\" rel=\"noreferrer noopener\" aria-label=\"Grad Banja Luka (opens in a new tab)\">Grad Banja Luka<\/a><\/p>\n","protected":false},"excerpt":{"rendered":"<p>Povodom predstoje\u0107ih vaskr\u0161njih i prvomajskih praznika obavje\u0161tavamo gra\u0111ane Banje Luke o neradnim danima, te izmijenjenom radnom vremenu za pravna lica<\/p>\n","protected":false},"author":1,"featured_media":8690,"comment_status":"closed","ping_status":"open","sticky":false,"template":"","format":"standard","meta":{"om_disable_all_campaigns":false,"_monsterinsights_skip_tracking":false,"_monsterinsights_sitenote_active":false,"_monsterinsights_sitenote_note":"","_monsterinsights_sitenote_category":0,"footnotes":""},"categories":[2],"tags":[4573,2732,524],"class_list":["post-8689","post","type-post","status-publish","format-standard","has-post-thumbnail","hentry","category-vijesti","tag-prvomajski-praznici","tag-radno-vrijeme","tag-vaskrsnji-praznici"],"jetpack_featured_media_url":"https:\/\/www.mladibl.com\/wp-content\/uploads\/2021\/04\/Radno-vrijeme-povodom-predstoje\u0107ih-vaskr\u0161njih-i-prvomajskih-praznika.jpg","amp_enabled":true,"_links":{"self":[{"href":"https:\/\/www.mladibl.com\/index.php?rest_route=\/wp\/v2\/posts\/8689","targetHints":{"allow":["GET"]}}],"collection":[{"href":"https:\/\/www.mladibl.com\/index.php?rest_route=\/wp\/v2\/posts"}],"about":[{"href":"https:\/\/www.mladibl.com\/index.php?rest_route=\/wp\/v2\/types\/post"}],"author":[{"embeddable":true,"href":"https:\/\/www.mladibl.com\/index.php?rest_route=\/wp\/v2\/users\/1"}],"replies":[{"embeddable":true,"href":"https:\/\/www.mladibl.com\/index.php?rest_route=%2Fwp%2Fv2%2Fcomments&post=8689"}],"version-history":[{"count":1,"href":"https:\/\/www.mladibl.com\/index.php?rest_route=\/wp\/v2\/posts\/8689\/revisions"}],"predecessor-version":[{"id":8691,"href":"https:\/\/www.mladibl.com\/index.php?rest_route=\/wp\/v2\/posts\/8689\/revisions\/8691"}],"wp:featuredmedia":[{"embeddable":true,"href":"https:\/\/www.mladibl.com\/index.php?rest_route=\/wp\/v2\/media\/8690"}],"wp:attachment":[{"href":"https:\/\/www.mladibl.com\/index.php?rest_route=%2Fwp%2Fv2%2Fmedia&parent=8689"}],"wp:term":[{"taxonomy":"category","embeddable":true,"href":"https:\/\/www.mladibl.com\/index.php?rest_route=%2Fwp%2Fv2%2Fcategories&post=8689"},{"taxonomy":"post_tag","embeddable":true,"href":"https:\/\/www.mladibl.com\/index.php?rest_route=%2Fwp%2Fv2%2Ftags&post=8689"}],"curies":[{"name":"wp","href":"https:\/\/api.w.org\/{rel}","templated":true}]}}