{"id":864,"date":"2020-03-11T10:36:11","date_gmt":"2020-03-11T08:36:11","guid":{"rendered":"http:\/\/www.mladibl.com\/?p=864"},"modified":"2020-03-11T10:36:51","modified_gmt":"2020-03-11T08:36:51","slug":"donesena-odluka-o-odsustvu-publike-na-sportskim-manifestacijama","status":"publish","type":"post","link":"https:\/\/www.mladibl.com\/?p=864","title":{"rendered":"Donesena odluka o odsustvu publike na sportskim manifestacijama"},"content":{"rendered":"\n<p>Sve sportske manifestacije i takmi\u010denja od 11. do 30. marta odr\u017eavaju se bez prisustva publike, a u istom periodu otkazuju se sve sportske aktivnosti i treninzi djece starosti do 15 godina, odlu\u010dila je Vlada Republike Srpske na 4. telefonskoj sjednici na kojoj je razmatrana Informacija o pojavi novog koronavirusa 2019-nCoV i preduzetim aktivnostima u Republici Srpskoj.<\/p>\n\n\n\n<p>Obavje\u0161tavamo javnost i da se otkazuju sva takmi\u010denja u sistemu \u0161kolskog sporta Republike Srpske te da \u0107e novi termini takmi\u010denja biti naknadno odre\u0111eni.<\/p>\n\n\n\n<p>Odluka je donesena iz preventivnih razloga, kako bi se sprije\u010dilo eventualno \u0161irenje korona virusa. Jo\u0161 jednom apelujemo na gra\u0111ane da postupaju u skladu sa uputstvima Ministarstva zdravlja i socijalne za\u0161tite i Instituta za javno zdravstvo Republike Srpske kada je rije\u010d o pravilima dezinfekcije i poo\u0161travanja provo\u0111enja sanitarno-higijenskih mjera s ciljem spre\u010davanja pojave i \u0161irenja ove bolesti.<\/p>\n\n\n\n<p>Preuzeto sa: <a href=\"https:\/\/vladars.net\/sr-SP-Cyrl\/Vlada\/Ministarstva\/mpos\/media\/vijesti\/Pages\/%D0%94%D0%BE%D0%BD%D0%B5%D1%81%D0%B5%D0%BD%D0%B0-%D0%BE%D0%B4%D0%BB%D1%83%D0%BA%D0%B0-%D0%BE-%D0%BE%D0%B4%D1%81%D1%83%D1%81%D1%82%D0%B2%D1%83-%D0%BF%D1%83%D0%B1%D0%BB%D0%B8%D0%BA%D0%B5-%D0%BD%D0%B0-%D1%81%D0%BF%D0%BE%D1%80%D1%82%D1%81%D0%BA%D0%B8%D0%BC-%D0%BC%D0%B0%D0%BD%D0%B8%D1%84%D0%B5%D1%81%D1%82%D0%B0%D1%86%D0%B8%D1%98%D0%B0%D0%BC%D0%B0.aspx\" target=\"_blank\" rel=\"noreferrer noopener\" aria-label=\"Ministarstvo porodice, omladine i sporta (opens in a new tab)\">Ministarstvo porodice, omladine i sporta<\/a><\/p>\n","protected":false},"excerpt":{"rendered":"<p>Sve sportske manifestacije i takmi\u010denja od 11. do 30. marta odr\u017eavaju se bez prisustva publike, a u istom periodu otkazuju<\/p>\n","protected":false},"author":1,"featured_media":865,"comment_status":"closed","ping_status":"open","sticky":false,"template":"","format":"standard","meta":{"om_disable_all_campaigns":false,"_monsterinsights_skip_tracking":false,"_monsterinsights_sitenote_active":false,"_monsterinsights_sitenote_note":"","_monsterinsights_sitenote_category":0,"footnotes":""},"categories":[31],"tags":[215,103,335],"class_list":["post-864","post","type-post","status-publish","format-standard","has-post-thumbnail","hentry","category-ministarstva","tag-ministarstva","tag-mpos","tag-sportske-manifestacije"],"jetpack_featured_media_url":"https:\/\/www.mladibl.com\/wp-content\/uploads\/2020\/03\/Donesena-odluka-o-odsustvu-publike-na-sportskim-manifestacijama.jpg","amp_enabled":true,"_links":{"self":[{"href":"https:\/\/www.mladibl.com\/index.php?rest_route=\/wp\/v2\/posts\/864","targetHints":{"allow":["GET"]}}],"collection":[{"href":"https:\/\/www.mladibl.com\/index.php?rest_route=\/wp\/v2\/posts"}],"about":[{"href":"https:\/\/www.mladibl.com\/index.php?rest_route=\/wp\/v2\/types\/post"}],"author":[{"embeddable":true,"href":"https:\/\/www.mladibl.com\/index.php?rest_route=\/wp\/v2\/users\/1"}],"replies":[{"embeddable":true,"href":"https:\/\/www.mladibl.com\/index.php?rest_route=%2Fwp%2Fv2%2Fcomments&post=864"}],"version-history":[{"count":1,"href":"https:\/\/www.mladibl.com\/index.php?rest_route=\/wp\/v2\/posts\/864\/revisions"}],"predecessor-version":[{"id":866,"href":"https:\/\/www.mladibl.com\/index.php?rest_route=\/wp\/v2\/posts\/864\/revisions\/866"}],"wp:featuredmedia":[{"embeddable":true,"href":"https:\/\/www.mladibl.com\/index.php?rest_route=\/wp\/v2\/media\/865"}],"wp:attachment":[{"href":"https:\/\/www.mladibl.com\/index.php?rest_route=%2Fwp%2Fv2%2Fmedia&parent=864"}],"wp:term":[{"taxonomy":"category","embeddable":true,"href":"https:\/\/www.mladibl.com\/index.php?rest_route=%2Fwp%2Fv2%2Fcategories&post=864"},{"taxonomy":"post_tag","embeddable":true,"href":"https:\/\/www.mladibl.com\/index.php?rest_route=%2Fwp%2Fv2%2Ftags&post=864"}],"curies":[{"name":"wp","href":"https:\/\/api.w.org\/{rel}","templated":true}]}}