{"id":861,"date":"2020-03-10T17:04:57","date_gmt":"2020-03-10T15:04:57","guid":{"rendered":"http:\/\/www.mladibl.com\/?p=861"},"modified":"2020-03-10T17:05:00","modified_gmt":"2020-03-10T15:05:00","slug":"zbog-korona-virusa-skole-zatvorene-na-21-dan-zabranjena-javna-okupljanja","status":"publish","type":"post","link":"https:\/\/www.mladibl.com\/?p=861","title":{"rendered":"Zbog korona virusa: \u0160kole zatvorene na 21 dan, zabranjena javna okupljanja"},"content":{"rendered":"\n<p>Od sutra do 30. marta zatvaraju se sve osnovne i srednje \u0161kole. Vrti\u0107i \u0107e redovno da rade. Ovo je odlu\u010deno na dana\u0161njem sastanku najvi\u0161eg rukovodstva Republike Srpske nakon pojave korona virusa.<\/p>\n\n\n\n<p>Tako\u0111e, u pomenutom periodu, ne\u0107e raditi ni visoko\u0161kolske ustanove, a zabranjena su i sva javna okupljanja u Republici Srpskoj.<\/p>\n\n\n\n<blockquote class=\"wp-block-quote is-layout-flow wp-block-quote-is-layout-flow\"><p>Bi\u0107e zatra\u017eena o\u0161trija kontrola ulaska gra\u0111ana iz rizi\u010dnih zemalja pogo\u0111enih virusom korona. Obavezuju se zdravstvene ustanove u RS da naprave plan rada u vanrednim uslovima. Preporuka je da ne zatvaramo vrti\u0107e, a preko Instituta za javno zdravstvo \u0107emo poja\u010dati kontrolu u tim ustanovama.<\/p><cite> rekao je predsjednik Vlade RS Radovan Vi\u0161kovi\u0107 <\/cite><\/blockquote>\n\n\n\n<p>On je istakao da \u0107e institucije poja\u010dati mjere da ljudi po\u0161tuju karantin.<\/p>\n\n\n\n<blockquote class=\"wp-block-quote is-layout-flow wp-block-quote-is-layout-flow\"><p>Nastoja\u0107emo da preko na\u0161ih institucija poja\u010damo mjere da ljudi kojima je preporu\u010den karantin, to po\u0161tuju. Prate\u0107i \u0161ta rade zemlje u okru\u017eenju, i mi smo na dana\u0161njem sastanku odlu\u010dili da je najbolje da preduzmemo ove mjere, prije svega djece u \u0161kolama i studenata na fakultetima. Preporuka je da u narednih 21 dan djeca borave u ku\u0107ama, kako bismo u najve\u0107oj mogu\u0107oj mjeri smanjili preno\u0161enje virusa. Zabranjuju se svi ve\u0107i skupovi, \u010disto iz preventivnih razloga. Bolje tako, nego da moramo rje\u0161avati posljedice, \u0161to je veoma te\u0161ko, kao \u0161to smo vidjeli iz iskustva drugih.<\/p><cite> &#8211; rekao je Vi\u0161kovi\u0107<\/cite><\/blockquote>\n\n\n\n<p>Pozvao je gra\u0111ane da nema mjesta nikakvoj panici, da nema potrebe da se kupuju zalihe \u017eivotnih namirnica.<\/p>\n\n\n\n<p>\u0160tab za vanredne situacije Grada Banje Luke<\/p>\n\n\n\n<p>Povodom ove odluke Vlade RS, danas \u0107e zasjedati i \u0160tab za vanredne situacije Grada Banje Luke. Sjednica \u0107e biti odr\u017eana u 19 \u010dasova u Gradskoj upravi.<\/p>\n\n\n\n<p>Preuzeto sa: <a href=\"http:\/\/www.banjaluka.rs.ba\/%d0%b7%d0%b1%d0%be%d0%b3-%d0%ba%d0%be%d1%80%d0%be%d0%bd%d0%b0-%d0%b2%d0%b8%d1%80%d1%83%d1%81%d0%b0-%d1%88%d0%ba%d0%be%d0%bb%d0%b5-%d0%b7%d0%b0%d1%82%d0%b2%d0%be%d1%80%d0%b5%d0%bd%d0%b5-%d0%bd%d0%b0-2\/\" target=\"_blank\" rel=\"noreferrer noopener\" aria-label=\"Grad Banja Luka (opens in a new tab)\">Grad Banja Luka<\/a><\/p>\n","protected":false},"excerpt":{"rendered":"<p>Od sutra do 30. marta zatvaraju se sve osnovne i srednje \u0161kole. Vrti\u0107i \u0107e redovno da rade. Ovo je odlu\u010deno<\/p>\n","protected":false},"author":1,"featured_media":862,"comment_status":"closed","ping_status":"open","sticky":false,"template":"","format":"standard","meta":{"om_disable_all_campaigns":false,"_monsterinsights_skip_tracking":false,"_monsterinsights_sitenote_active":false,"_monsterinsights_sitenote_note":"","_monsterinsights_sitenote_category":0,"footnotes":""},"categories":[2],"tags":[334,332,333,298,331],"class_list":["post-861","post","type-post","status-publish","format-standard","has-post-thumbnail","hentry","category-vijesti","tag-javna-okupljanja","tag-korona-virus","tag-osnovne-skole","tag-srednje-skole","tag-vijesti"],"jetpack_featured_media_url":"https:\/\/www.mladibl.com\/wp-content\/uploads\/2020\/03\/\u0160kole-zatvorene-na-21-dan-zabranjena-javna-okupljanja.jpg","amp_enabled":true,"_links":{"self":[{"href":"https:\/\/www.mladibl.com\/index.php?rest_route=\/wp\/v2\/posts\/861","targetHints":{"allow":["GET"]}}],"collection":[{"href":"https:\/\/www.mladibl.com\/index.php?rest_route=\/wp\/v2\/posts"}],"about":[{"href":"https:\/\/www.mladibl.com\/index.php?rest_route=\/wp\/v2\/types\/post"}],"author":[{"embeddable":true,"href":"https:\/\/www.mladibl.com\/index.php?rest_route=\/wp\/v2\/users\/1"}],"replies":[{"embeddable":true,"href":"https:\/\/www.mladibl.com\/index.php?rest_route=%2Fwp%2Fv2%2Fcomments&post=861"}],"version-history":[{"count":1,"href":"https:\/\/www.mladibl.com\/index.php?rest_route=\/wp\/v2\/posts\/861\/revisions"}],"predecessor-version":[{"id":863,"href":"https:\/\/www.mladibl.com\/index.php?rest_route=\/wp\/v2\/posts\/861\/revisions\/863"}],"wp:featuredmedia":[{"embeddable":true,"href":"https:\/\/www.mladibl.com\/index.php?rest_route=\/wp\/v2\/media\/862"}],"wp:attachment":[{"href":"https:\/\/www.mladibl.com\/index.php?rest_route=%2Fwp%2Fv2%2Fmedia&parent=861"}],"wp:term":[{"taxonomy":"category","embeddable":true,"href":"https:\/\/www.mladibl.com\/index.php?rest_route=%2Fwp%2Fv2%2Fcategories&post=861"},{"taxonomy":"post_tag","embeddable":true,"href":"https:\/\/www.mladibl.com\/index.php?rest_route=%2Fwp%2Fv2%2Ftags&post=861"}],"curies":[{"name":"wp","href":"https:\/\/api.w.org\/{rel}","templated":true}]}}