{"id":859,"date":"2020-03-10T17:00:03","date_gmt":"2020-03-10T15:00:03","guid":{"rendered":"http:\/\/www.mladibl.com\/?p=859"},"modified":"2020-03-10T17:00:05","modified_gmt":"2020-03-10T15:00:05","slug":"do-ponedjeljka-prijave-za-clanove-komisije-za-ocjenu-projekata-iz-kulture","status":"publish","type":"post","link":"https:\/\/www.mladibl.com\/?p=859","title":{"rendered":"Do ponedjeljka prijave za \u010dlanove komisije za ocjenu projekata iz kulture"},"content":{"rendered":"\n<p>Iz Odjeljenja za kulturu, turizam i socijalnu politiku pozivaju umjetnike i stru\u010dnjake u kulturi koji su ostvarili zna\u010dajne rezultate u dosada\u0161njem radu, da se prijave za \u010dlanove Komisije za vrednovanje projekata kulturnog i umjetni\u010dkog stvarala\u0161tva za 2020. godinu.<\/p>\n\n\n\n<p>-Jo\u0161 jednom upu\u0107ujemo im poziv da se prijave do ponedjeljka, 17. marta, kako bismo formirali Komsiju i odabrali \u0161to kvalitetnije projekte iz oblasti kulture koje \u0107e Grad finansijski podr\u017eati \u2013 kazali su iz ovog odjeljenja i napomenuli da se mogu prijaviti samo oni umjetnici i stru\u010dnjaci koji su upisani u Registar umjetnika i u Registar stru\u010dnjaka u kulturi.<\/p>\n\n\n\n<p>Tako\u0111e, naveli su da \u010dlan komisije ne mo\u017ee biti lice koje je na bilo koji na\u010din u\u010desnik aktivnosti u projektima prijavljenim na aktuleni Javni poziv.<\/p>\n\n\n\n<p>Na osnovu prispjelih prijava, bi\u0107e imenovana komisija koju \u0107e \u010diniti pet \u010dlanova iz razli\u010ditih oblasti kulture. Prava i obaveze tih \u010dlanova definisa\u0107e se pojedina\u010dnim ugovorima.<\/p>\n\n\n\n<p>Zainteresovani, svoje prijave treba da dostave Odjeljenju za kulturu, turizam i socijalnu politiku, putem prijemne kancelarije Gradske uprave Grada Banja Luka, broj 14, u zatvorenoj koverti.<\/p>\n\n\n\n<p>Podsje\u0107amo da je u toku javni konkurs za sufinansiranje projekata iz oblasti kulturnog i umjetni\u010dkog stvarala\u0161tva za 2020. godinu. Visina sredstava koja se mogu dodjeliti po jednom projektu iznosi do 15.000 KM, a jedan subjekt u kulturi, koji konkuri\u0161e, mo\u017ee prijaviti najvi\u0161e dva projekta. Prijave pristigle na javni konkurs razmatra komisija za vrednovanje projekata kulturnog i umjetni\u010dkog stvarala\u0161tva, iz reda umjetnika i stru\u010dnjaka u kulturi.<\/p>\n\n\n\n<p>Javni poziv za imenovanje \u010dlanova komisije za vrednovanje projekata mo\u017eete pogledati <strong><a href=\"http:\/\/www.banjaluka.rs.ba\/javne_nabavke\/%d1%98%d0%b0%d0%b2%d0%bd%d0%b8-%d0%bf%d0%be%d0%b7%d0%b8%d0%b2-%d0%b7%d0%b0-%d0%bf%d1%80%d0%b8%d1%98%d0%b0%d0%b2%d1%83-%d0%ba%d0%b0%d0%bd%d0%b4%d0%b8%d0%b4%d0%b0%d1%82%d0%b0-%d0%b7%d0%b0-%d0%b8%d0%bc-2\/\" target=\"_blank\" rel=\"noreferrer noopener\" aria-label=\"ovdje (opens in a new tab)\">ovdje<\/a><\/strong>.<\/p>\n\n\n\n<p>Preuzeto sa: <a href=\"http:\/\/www.banjaluka.rs.ba\/%d0%b4%d0%be-%d0%bf%d0%be%d0%bd%d0%b5%d0%b4%d1%98%d0%b5%d1%99%d0%ba%d0%b0-%d0%bf%d1%80%d0%b8%d1%98%d0%b0%d0%b2%d0%b5-%d0%b7%d0%b0-%d1%87%d0%bb%d0%b0%d0%bd%d0%be%d0%b2%d0%b5-%d0%ba%d0%be%d0%bc%d0%b8\/\" target=\"_blank\" rel=\"noreferrer noopener\" aria-label=\"Grad Banja Luka (opens in a new tab)\">Grad Banja Luka<\/a><\/p>\n","protected":false},"excerpt":{"rendered":"<p>Iz Odjeljenja za kulturu, turizam i socijalnu politiku pozivaju umjetnike i stru\u010dnjake u kulturi koji su ostvarili zna\u010dajne rezultate u<\/p>\n","protected":false},"author":1,"featured_media":115,"comment_status":"closed","ping_status":"open","sticky":false,"template":"","format":"standard","meta":{"om_disable_all_campaigns":false,"_monsterinsights_skip_tracking":false,"_monsterinsights_sitenote_active":false,"_monsterinsights_sitenote_note":"","_monsterinsights_sitenote_category":0,"footnotes":""},"categories":[11],"tags":[27,330,29,211],"class_list":["post-859","post","type-post","status-publish","format-standard","has-post-thumbnail","hentry","category-gradbanjaluka","tag-grad-banja-luka","tag-komisija","tag-kultura","tag-poziv-za-projekte"],"jetpack_featured_media_url":"https:\/\/www.mladibl.com\/wp-content\/uploads\/2019\/10\/grad-banja-luka.png","amp_enabled":true,"_links":{"self":[{"href":"https:\/\/www.mladibl.com\/index.php?rest_route=\/wp\/v2\/posts\/859","targetHints":{"allow":["GET"]}}],"collection":[{"href":"https:\/\/www.mladibl.com\/index.php?rest_route=\/wp\/v2\/posts"}],"about":[{"href":"https:\/\/www.mladibl.com\/index.php?rest_route=\/wp\/v2\/types\/post"}],"author":[{"embeddable":true,"href":"https:\/\/www.mladibl.com\/index.php?rest_route=\/wp\/v2\/users\/1"}],"replies":[{"embeddable":true,"href":"https:\/\/www.mladibl.com\/index.php?rest_route=%2Fwp%2Fv2%2Fcomments&post=859"}],"version-history":[{"count":1,"href":"https:\/\/www.mladibl.com\/index.php?rest_route=\/wp\/v2\/posts\/859\/revisions"}],"predecessor-version":[{"id":860,"href":"https:\/\/www.mladibl.com\/index.php?rest_route=\/wp\/v2\/posts\/859\/revisions\/860"}],"wp:featuredmedia":[{"embeddable":true,"href":"https:\/\/www.mladibl.com\/index.php?rest_route=\/wp\/v2\/media\/115"}],"wp:attachment":[{"href":"https:\/\/www.mladibl.com\/index.php?rest_route=%2Fwp%2Fv2%2Fmedia&parent=859"}],"wp:term":[{"taxonomy":"category","embeddable":true,"href":"https:\/\/www.mladibl.com\/index.php?rest_route=%2Fwp%2Fv2%2Fcategories&post=859"},{"taxonomy":"post_tag","embeddable":true,"href":"https:\/\/www.mladibl.com\/index.php?rest_route=%2Fwp%2Fv2%2Ftags&post=859"}],"curies":[{"name":"wp","href":"https:\/\/api.w.org\/{rel}","templated":true}]}}