{"id":8573,"date":"2021-04-27T08:53:20","date_gmt":"2021-04-27T06:53:20","guid":{"rendered":"http:\/\/www.mladibl.com\/?p=8573"},"modified":"2021-04-27T08:53:21","modified_gmt":"2021-04-27T06:53:21","slug":"poziv-na-okrugli-sto-motivacija-studenata-u-doba-pandemije-izazovi-i-mogucnosti","status":"publish","type":"post","link":"https:\/\/www.mladibl.com\/?p=8573","title":{"rendered":"Poziv na okrugli sto: \u201cMotivacija studenata u doba pandemije \u2013 izazovi i mogu\u0107nosti\u201d"},"content":{"rendered":"\n<p>Nezavisni univerzitet Banja Luka, u kontekstu rasprave o pozitivnim i negativnim aspektima obrazovanja za vrijeme pandemije izazvane virusom korona, organizuje okrugli sto na temu \u201eMotivacija studenata u doba pandemije \u2013 izazovi i mogu\u0107nosti\u201c.<\/p>\n\n\n\n<p>U fokusu rasprave, izme\u0111u ostalog, bi\u0107e teme kao \u0161to su unutra\u0161nji i spoljni uticaji na motivaciju, metode i modeli uklju\u010divanja studenata u proces u\u010denja, osobine profesora koje motivi\u0161u studente na rad i sli\u010dno.<\/p>\n\n\n\n<p>Okrugli sto \u0107e se odr\u017eati u srijedu, 28. aprila, u 12 \u010dasova u prostorijama Univerziteta na \u0160ibovima.<\/p>\n\n\n\n<p>Preuzeto sa: <a href=\"http:\/\/nubl.org\/wp\/2021\/04\/26\/poziv-na-okrugli-sto-motivacija-studenata-u-doba-pandemije-izazovi-i-mogucnosti\/\" target=\"_blank\" rel=\"noreferrer noopener\" aria-label=\"nubl.org (opens in a new tab)\">nubl.org<\/a><\/p>\n","protected":false},"excerpt":{"rendered":"<p>Nezavisni univerzitet Banja Luka, u kontekstu rasprave o pozitivnim i negativnim aspektima obrazovanja za vrijeme pandemije izazvane virusom korona, organizuje<\/p>\n","protected":false},"author":1,"featured_media":8574,"comment_status":"closed","ping_status":"open","sticky":false,"template":"","format":"standard","meta":{"om_disable_all_campaigns":false,"_monsterinsights_skip_tracking":false,"_monsterinsights_sitenote_active":false,"_monsterinsights_sitenote_note":"","_monsterinsights_sitenote_category":0,"footnotes":""},"categories":[6],"tags":[1266,2089,3351,4523,4521,469,62],"class_list":["post-8573","post","type-post","status-publish","format-standard","has-post-thumbnail","hentry","category-dogadjaji","tag-izazovi","tag-mogucnosti","tag-motivacija","tag-nubl","tag-okrugli-sto","tag-pandemija","tag-studenti"],"jetpack_featured_media_url":"https:\/\/www.mladibl.com\/wp-content\/uploads\/2021\/04\/Poziv-na-okrugli-sto_-\u201cMotivacija-studenata-u-doba-pandemije-\u2013-izazovi-i-mogu\u0107nosti\u201d.jpg","amp_enabled":true,"_links":{"self":[{"href":"https:\/\/www.mladibl.com\/index.php?rest_route=\/wp\/v2\/posts\/8573","targetHints":{"allow":["GET"]}}],"collection":[{"href":"https:\/\/www.mladibl.com\/index.php?rest_route=\/wp\/v2\/posts"}],"about":[{"href":"https:\/\/www.mladibl.com\/index.php?rest_route=\/wp\/v2\/types\/post"}],"author":[{"embeddable":true,"href":"https:\/\/www.mladibl.com\/index.php?rest_route=\/wp\/v2\/users\/1"}],"replies":[{"embeddable":true,"href":"https:\/\/www.mladibl.com\/index.php?rest_route=%2Fwp%2Fv2%2Fcomments&post=8573"}],"version-history":[{"count":1,"href":"https:\/\/www.mladibl.com\/index.php?rest_route=\/wp\/v2\/posts\/8573\/revisions"}],"predecessor-version":[{"id":8575,"href":"https:\/\/www.mladibl.com\/index.php?rest_route=\/wp\/v2\/posts\/8573\/revisions\/8575"}],"wp:featuredmedia":[{"embeddable":true,"href":"https:\/\/www.mladibl.com\/index.php?rest_route=\/wp\/v2\/media\/8574"}],"wp:attachment":[{"href":"https:\/\/www.mladibl.com\/index.php?rest_route=%2Fwp%2Fv2%2Fmedia&parent=8573"}],"wp:term":[{"taxonomy":"category","embeddable":true,"href":"https:\/\/www.mladibl.com\/index.php?rest_route=%2Fwp%2Fv2%2Fcategories&post=8573"},{"taxonomy":"post_tag","embeddable":true,"href":"https:\/\/www.mladibl.com\/index.php?rest_route=%2Fwp%2Fv2%2Ftags&post=8573"}],"curies":[{"name":"wp","href":"https:\/\/api.w.org\/{rel}","templated":true}]}}