{"id":8519,"date":"2021-04-26T07:43:00","date_gmt":"2021-04-26T05:43:00","guid":{"rendered":"http:\/\/www.mladibl.com\/?p=8519"},"modified":"2021-04-26T07:44:10","modified_gmt":"2021-04-26T05:44:10","slug":"poceo-proljecni-raspust","status":"publish","type":"post","link":"https:\/\/www.mladibl.com\/?p=8519","title":{"rendered":"Po\u010deo prolje\u0107ni raspust"},"content":{"rendered":"\n<p>U svim \u0161kolama u Republici Srpskoj danas je po\u010deo prolje\u0107ni raspust koji \u0107e trajati do petka, 30. aprila, kako je i planirano \u0161kolskim kalendarom.<\/p>\n\n\n\n<p>Ministar prosvjete i kulture Natalija Trivi\u0107 po\u017eeljela je svim u\u010denicima, nastavnicima, rukovodstvu \u0161kola i vannastavnom osoblju ugodan i bezbri\u017ean odmor i sre\u0107ne vaskr\u0161nje praznike, saop\u0161teno je iz Ministarstva prosvjete.<\/p>\n\n\n\n<p>&#8220;\u0160kolska godina je veoma izazovna, s obzirom na pandemiju i zato svim u\u010denicima, nastavnicima, rukovodstvu \u0161kola i vannastavnom osoblju \u017eelim da ovaj kratki predah iskoriste da se odmore na najljep\u0161i na\u010din i u krugu bliskih osoba, kako bismo ohrabreni i sa novom energijom uspje\u0161no zavr\u0161ili \u0161kolsku godinu&#8221;, navela je Trivi\u0107eva.<\/p>\n\n\n\n<p>S obzirom na to da je, ponedjeljak, 3. maj, Vaskr\u0161nji ponedjeljak i neradni dan nastava \u0107e u svim osnovnim i srednjim \u0161kolama u Republici Srpskoj po\u010deti u utorak, 4. maja.<\/p>\n\n\n\n<p>Preuzeto sa: <a href=\"https:\/\/lat.rtrs.tv\/vijesti\/vijest.php?id=429988\" target=\"_blank\" rel=\"noreferrer noopener\" aria-label=\"RTRS (opens in a new tab)\">RTRS<\/a><\/p>\n","protected":false},"excerpt":{"rendered":"<p>U svim \u0161kolama u Republici Srpskoj danas je po\u010deo prolje\u0107ni raspust koji \u0107e trajati do petka, 30. aprila, kako je<\/p>\n","protected":false},"author":1,"featured_media":8522,"comment_status":"closed","ping_status":"open","sticky":false,"template":"","format":"standard","meta":{"om_disable_all_campaigns":false,"_monsterinsights_skip_tracking":false,"_monsterinsights_sitenote_active":false,"_monsterinsights_sitenote_note":"","_monsterinsights_sitenote_category":0,"footnotes":""},"categories":[2],"tags":[4494,4495],"class_list":["post-8519","post","type-post","status-publish","format-standard","has-post-thumbnail","hentry","category-vijesti","tag-proljecni-raspust","tag-skolska-godin"],"jetpack_featured_media_url":"https:\/\/www.mladibl.com\/wp-content\/uploads\/2021\/04\/Po\u010deo-prolje\u0107ni-raspust-1.jpg","amp_enabled":true,"_links":{"self":[{"href":"https:\/\/www.mladibl.com\/index.php?rest_route=\/wp\/v2\/posts\/8519","targetHints":{"allow":["GET"]}}],"collection":[{"href":"https:\/\/www.mladibl.com\/index.php?rest_route=\/wp\/v2\/posts"}],"about":[{"href":"https:\/\/www.mladibl.com\/index.php?rest_route=\/wp\/v2\/types\/post"}],"author":[{"embeddable":true,"href":"https:\/\/www.mladibl.com\/index.php?rest_route=\/wp\/v2\/users\/1"}],"replies":[{"embeddable":true,"href":"https:\/\/www.mladibl.com\/index.php?rest_route=%2Fwp%2Fv2%2Fcomments&post=8519"}],"version-history":[{"count":1,"href":"https:\/\/www.mladibl.com\/index.php?rest_route=\/wp\/v2\/posts\/8519\/revisions"}],"predecessor-version":[{"id":8521,"href":"https:\/\/www.mladibl.com\/index.php?rest_route=\/wp\/v2\/posts\/8519\/revisions\/8521"}],"wp:featuredmedia":[{"embeddable":true,"href":"https:\/\/www.mladibl.com\/index.php?rest_route=\/wp\/v2\/media\/8522"}],"wp:attachment":[{"href":"https:\/\/www.mladibl.com\/index.php?rest_route=%2Fwp%2Fv2%2Fmedia&parent=8519"}],"wp:term":[{"taxonomy":"category","embeddable":true,"href":"https:\/\/www.mladibl.com\/index.php?rest_route=%2Fwp%2Fv2%2Fcategories&post=8519"},{"taxonomy":"post_tag","embeddable":true,"href":"https:\/\/www.mladibl.com\/index.php?rest_route=%2Fwp%2Fv2%2Ftags&post=8519"}],"curies":[{"name":"wp","href":"https:\/\/api.w.org\/{rel}","templated":true}]}}