{"id":8452,"date":"2021-04-22T02:28:28","date_gmt":"2021-04-22T00:28:28","guid":{"rendered":"http:\/\/www.mladibl.com\/?p=8452"},"modified":"2021-04-22T02:28:31","modified_gmt":"2021-04-22T00:28:31","slug":"krece-panoramski-bus-na-banj-brdo-danas-besplatna-voznja","status":"publish","type":"post","link":"https:\/\/www.mladibl.com\/?p=8452","title":{"rendered":"Kre\u0107e panoramski bus na Banj brdo: Danas besplatna vo\u017enja"},"content":{"rendered":"\n<p>U \u010dast proslave Dana grada, 22. aprila kre\u0107e panoramski bus prema Banj brdu i u toku dana\u0161njeg dana prevoz \u0107e biti besplatan.<\/p>\n\n\n\n<p>Iako je predvi\u0111eno da do ljeta panoramski bus saobra\u0107a samo u dane vikenda, zbog proslave Dana grada bus \u0107e voziti i u petak u terminu od 9.00 do 19.00 \u010dasova, te u dane vikenda uz redovnu naplatu karte.<\/p>\n\n\n\n<p>Trasa vo\u017enje je predvi\u0111ena od Fabrike obu\u0107e \u201eBema\u201c (okreti\u0161te autobuske linije br. 13) do spomenika na Banj brdu, subotom i nedjeljom od 9.00 do 20.00 \u010dasova.<\/p>\n\n\n\n<p>Cijena karte \u0107e iznositi 1 KM u jednom smjeru, a za djecu do 5 godina vo\u017enja \u0107e biti besplatna.<\/p>\n\n\n\n<p>Preuzeto sa: <a href=\"https:\/\/www.banjaluka.rs.ba\/krece-panoramski-bus-na-banj-brdo\/\" target=\"_blank\" rel=\"noreferrer noopener\" aria-label=\"Grad Banja Luka (opens in a new tab)\">Grad Banja Luka<\/a><\/p>\n","protected":false},"excerpt":{"rendered":"<p>U \u010dast proslave Dana grada, 22. aprila kre\u0107e panoramski bus prema Banj brdu i u toku dana\u0161njeg dana prevoz \u0107e<\/p>\n","protected":false},"author":1,"featured_media":8453,"comment_status":"closed","ping_status":"open","sticky":false,"template":"","format":"standard","meta":{"om_disable_all_campaigns":false,"_monsterinsights_skip_tracking":false,"_monsterinsights_sitenote_active":false,"_monsterinsights_sitenote_note":"","_monsterinsights_sitenote_category":0,"footnotes":""},"categories":[2],"tags":[766,4462,279,765],"class_list":["post-8452","post","type-post","status-publish","format-standard","has-post-thumbnail","hentry","category-vijesti","tag-banj-brdo","tag-besplatna-voznja","tag-dan-grada","tag-panoramski-bus"],"jetpack_featured_media_url":"https:\/\/www.mladibl.com\/wp-content\/uploads\/2021\/04\/Kre\u0107e-panoramski-bus-na-Banj-brdo_-Danas-besplatna-vo\u017enja.jpg","amp_enabled":true,"_links":{"self":[{"href":"https:\/\/www.mladibl.com\/index.php?rest_route=\/wp\/v2\/posts\/8452","targetHints":{"allow":["GET"]}}],"collection":[{"href":"https:\/\/www.mladibl.com\/index.php?rest_route=\/wp\/v2\/posts"}],"about":[{"href":"https:\/\/www.mladibl.com\/index.php?rest_route=\/wp\/v2\/types\/post"}],"author":[{"embeddable":true,"href":"https:\/\/www.mladibl.com\/index.php?rest_route=\/wp\/v2\/users\/1"}],"replies":[{"embeddable":true,"href":"https:\/\/www.mladibl.com\/index.php?rest_route=%2Fwp%2Fv2%2Fcomments&post=8452"}],"version-history":[{"count":1,"href":"https:\/\/www.mladibl.com\/index.php?rest_route=\/wp\/v2\/posts\/8452\/revisions"}],"predecessor-version":[{"id":8454,"href":"https:\/\/www.mladibl.com\/index.php?rest_route=\/wp\/v2\/posts\/8452\/revisions\/8454"}],"wp:featuredmedia":[{"embeddable":true,"href":"https:\/\/www.mladibl.com\/index.php?rest_route=\/wp\/v2\/media\/8453"}],"wp:attachment":[{"href":"https:\/\/www.mladibl.com\/index.php?rest_route=%2Fwp%2Fv2%2Fmedia&parent=8452"}],"wp:term":[{"taxonomy":"category","embeddable":true,"href":"https:\/\/www.mladibl.com\/index.php?rest_route=%2Fwp%2Fv2%2Fcategories&post=8452"},{"taxonomy":"post_tag","embeddable":true,"href":"https:\/\/www.mladibl.com\/index.php?rest_route=%2Fwp%2Fv2%2Ftags&post=8452"}],"curies":[{"name":"wp","href":"https:\/\/api.w.org\/{rel}","templated":true}]}}