{"id":8402,"date":"2021-04-20T10:14:14","date_gmt":"2021-04-20T08:14:14","guid":{"rendered":"http:\/\/www.mladibl.com\/?p=8402"},"modified":"2021-04-20T10:14:17","modified_gmt":"2021-04-20T08:14:17","slug":"istrazivanje-nacionalne-manjine-u-banjoj-luci","status":"publish","type":"post","link":"https:\/\/www.mladibl.com\/?p=8402","title":{"rendered":"Istra\u017eivanje: Nacionalne manjine u Banjoj Luci"},"content":{"rendered":"\n<p>Neformalna grupa mladih PAOR Banjaluka u sklopu projekta podr\u017eanog kroz USAID-ov projekat PRO-budu\u0107nost realizovali su istra\u017eivanje \u201cNacionalne manjine u Banjoj Luci\u201d.<\/p>\n\n\n\n<p>\u201cSvjedoci smo da \u017eivimo u dr\u017eavi gdje je izra\u017eena multietni\u010dnost, kako konstitutivnih naroda BiH, tako i nacionalnih manjina koje u njoj \u017eive. Multietni\u010dnost nije zaobi\u0161la ni Banjaluku i tako je oduvijek, odnosno otkad postoje bilo kakvi pisani tragovi o postojanju ovog grada. Me\u0111utim, da li se ti narodi me\u0111usobno poznaju? Poznaju li obi\u010daje drugih naroda, kulturu i tradiciju? <\/p>\n\n\n\n<p>Nacionalne manjine su skupine ljudi koje su oti\u0161le iz svojih mati\u010dnih zemalja, prirodnim ili neprirodnim migracijama i naselile podru\u010dje koje danas dijele sa konstitutivnim, ve\u0107inskim narodima ove zemlje. Me\u0111utim, da li dijele i jednaka prava? Zakonima i ustavima su im zagarantovana ta prava, ali u mnogim primjerima mo\u017eemo uo\u010diti razne vidove diskriminacije prema tim ljudima. Najve\u0107i razlog za to je zapravo u me\u0111usobnom nepoznavanju i nepovjerenju koje iz tog neznanja proisti\u010de. Naravno, takva praksa ne zaobilazi ni mlade ljude, koji jednostavno nisu imali priliku da bolje upoznaju svoje sugra\u0111ane. <\/p>\n\n\n\n<p>Upravo je to cilj politike pomirenja i upoznavanja, kako bi se razbile predrasude i kako bi svi narodi na podru\u010dju ove zemlje, ali konkretno i Banjaluke \u017eivjeli u skladu, upoznaju\u0107i i u\u010de\u0107i jedni od drugih. \u201c<\/p>\n\n\n\n<p>Istra\u017eivanje mo\u017eete pogledati na linku ispod:<\/p>\n\n\n\n<p><strong><a href=\"http:\/\/Istra\u017eivanje: Nacionalne manjine u Banjoj Luci\" target=\"_blank\" rel=\"noreferrer noopener\" aria-label=\"Preuzmi istra\u017eivanje (opens in a new tab)\">Preuzmi istra\u017eivanje<\/a><\/strong><\/p>\n\n\n\n<p>Istra\u017eivanje podr\u017eano kroz USAID-ov projekat PRO-budu\u0107nost koji te\u017ei izgradnji mira i povjerenja me\u0111u gra\u0111anima i gra\u0111ankama svih etni\u010dkih i vjerskih skupina u Bosni i Hercegovini. Projekat provodi ameri\u010dka humanitarna organizacija Catholic Relief Services CRS, s partnerima: Caritasom BiH, Institutom za razvoj mladih KULT, Forumom gra\u0111ana Tuzla (FGR), Helsin\u0161kim parlamentom gra\u0111ana Banjaluke (hCA) i Me\u0111ureligijskim vije\u0107em u BiH (MRV BiH).<\/p>\n\n\n\n<p>Preuzeto sa: <a href=\"https:\/\/www.proni.ba\/2021\/04\/19\/istrazivanje-nacionalne-manjine-u-banjoj-luci\/\" target=\"_blank\" rel=\"noreferrer noopener\" aria-label=\"PRONI (opens in a new tab)\">PRONI<\/a><\/p>\n","protected":false},"excerpt":{"rendered":"<p>Neformalna grupa mladih PAOR Banjaluka u sklopu projekta podr\u017eanog kroz USAID-ov projekat PRO-budu\u0107nost realizovali su istra\u017eivanje \u201cNacionalne manjine u Banjoj<\/p>\n","protected":false},"author":1,"featured_media":8186,"comment_status":"closed","ping_status":"open","sticky":false,"template":"","format":"standard","meta":{"om_disable_all_campaigns":false,"_monsterinsights_skip_tracking":false,"_monsterinsights_sitenote_active":false,"_monsterinsights_sitenote_note":"","_monsterinsights_sitenote_category":0,"footnotes":""},"categories":[370],"tags":[53,209,4338],"class_list":["post-8402","post","type-post","status-publish","format-standard","has-post-thumbnail","hentry","category-ostalo","tag-banja-luka","tag-istrazivanje","tag-nacionalne-manjine"],"jetpack_featured_media_url":"https:\/\/www.mladibl.com\/wp-content\/uploads\/2021\/04\/Prezentacija-istra\u017eivanja-\u201cNacionalne-manjine-u-Banjoj-Luci\u201d.jpg","amp_enabled":true,"_links":{"self":[{"href":"https:\/\/www.mladibl.com\/index.php?rest_route=\/wp\/v2\/posts\/8402","targetHints":{"allow":["GET"]}}],"collection":[{"href":"https:\/\/www.mladibl.com\/index.php?rest_route=\/wp\/v2\/posts"}],"about":[{"href":"https:\/\/www.mladibl.com\/index.php?rest_route=\/wp\/v2\/types\/post"}],"author":[{"embeddable":true,"href":"https:\/\/www.mladibl.com\/index.php?rest_route=\/wp\/v2\/users\/1"}],"replies":[{"embeddable":true,"href":"https:\/\/www.mladibl.com\/index.php?rest_route=%2Fwp%2Fv2%2Fcomments&post=8402"}],"version-history":[{"count":1,"href":"https:\/\/www.mladibl.com\/index.php?rest_route=\/wp\/v2\/posts\/8402\/revisions"}],"predecessor-version":[{"id":8403,"href":"https:\/\/www.mladibl.com\/index.php?rest_route=\/wp\/v2\/posts\/8402\/revisions\/8403"}],"wp:featuredmedia":[{"embeddable":true,"href":"https:\/\/www.mladibl.com\/index.php?rest_route=\/wp\/v2\/media\/8186"}],"wp:attachment":[{"href":"https:\/\/www.mladibl.com\/index.php?rest_route=%2Fwp%2Fv2%2Fmedia&parent=8402"}],"wp:term":[{"taxonomy":"category","embeddable":true,"href":"https:\/\/www.mladibl.com\/index.php?rest_route=%2Fwp%2Fv2%2Fcategories&post=8402"},{"taxonomy":"post_tag","embeddable":true,"href":"https:\/\/www.mladibl.com\/index.php?rest_route=%2Fwp%2Fv2%2Ftags&post=8402"}],"curies":[{"name":"wp","href":"https:\/\/api.w.org\/{rel}","templated":true}]}}