{"id":8399,"date":"2021-04-20T10:10:59","date_gmt":"2021-04-20T08:10:59","guid":{"rendered":"http:\/\/www.mladibl.com\/?p=8399"},"modified":"2021-04-20T10:11:01","modified_gmt":"2021-04-20T08:11:01","slug":"borba-protiv-dubokih-uzroka-rodne-neravnopravnosti-tri-osnovna-eu-principa","status":"publish","type":"post","link":"https:\/\/www.mladibl.com\/?p=8399","title":{"rendered":"Borba protiv dubokih uzroka rodne neravnopravnosti: tri osnovna EU principa"},"content":{"rendered":"\n<p>Polaze\u0107i od Strategije EU za rodnu ravnopravnost 2020-2025, koja poziva na rodno ravnopravnu Evropu, novi Gender akcioni plan 2021-2025 (GAP III) EU poziva na rodno ravnopravan svijet. Prema njemu, da bi se locirali ukorijenjeni uzroci rodne neravnopravnosti i doprinijelo suzbijanju mnogih stereotipa i pristrasnosti koji jo\u0161 uvijek preovladavaju u mnogim kontekstima, aktivnosti EU \u0107e biti vo\u0111ene trima principima:<\/p>\n\n\n\n<p>Primijeniti rodno transformacijski pristup. To zna\u010di provjeriti, ispitati i promijeniti rigidne rodne norme i disbalanse mo\u0107i koji stavljaju \u017eene i djevoj\u010dice u podre\u0111en polo\u017eaj i generiraju diskriminacije u svim uzrastima unutar jednog dru\u0161tva, po\u010dev\u0161i od ranog djetinjstva. To zna\u010di da EU treba da promovi\u0161e promjenu dru\u0161tvenih stavova i pri tome aktivno uklju\u010duje mu\u0161karce i dje\u010dake i stavlja fokus na mlade ljude kao pokreta\u010de promjena. Da bi radili na na\u010din koji uzima u obzir kontekst, neophodno je stvoriti \u010dvrsta partnerstva i dijalog sa lokalnim akterima, civilnim dru\u0161tvom i lokalnim zajednicama te podr\u017eati \u017eenske organizacije.<\/p>\n\n\n\n<p>Povezati intersekcionalnost roda sa drugim oblicima diskriminacije. Fokus bi tako\u0111e trebao biti na najugro\u017eenijim \u017eenama, na primjer na autohtonim narodima i osobama koje pripadaju rasnim\/etni\u010dkim\/religijskim manjinama, nasilno raseljenim licima, migrantima, ekonomski i socijalno ugro\u017eenim \u017eenama, onima koji \u017eive u ruralnim i priobalnim podru\u010djima, jer se oni suo\u010davaju sa vi\u0161estrukom diskriminacijom. Treba uzeti u obzir specifi\u010dne izazove sa kojima se suo\u010davaju djevoj\u010dice i starije \u017eene. \u017dene sa posebnim potrebama, tako\u0111e za\u0161ti\u0107ene Konvencijom UN \u2013a o pravima osoba sa invaliditetom, su u posebno podre\u0111enom polo\u017eaju. Prava \u017eena sa invaliditetom bi trebala biti osnov budu\u0107e strategije o pravima osoba sa posebnim potrebama za period koji je pred nama (2021-2030). U istom duhu, pobolj\u0161anje prava LGBTIQ osoba je u fokusu Strategije EU za jednakost LGBTIQ osoba. Sve intersekcijske dimenzije su jednako relevantne.<\/p>\n\n\n\n<p>Dr\u017eati se pristupa baziranog na ljudskim pravima koji stavlja principe nediskriminacije i suzbijanja nejdenakosti u centar svojih aktivnosti. To uklju\u010duje pru\u017eanje pomo\u0107i svakom ljudskom bi\u0107u u primjeni ljudskih prava, u\u010de\u0161\u0107u u odlukama koje ih se ti\u010du i tra\u017eenju naknade kada su im prava naru\u0161ena.<\/p>\n\n\n\n<p>EU treba nastaviti osu\u0111ivati kr\u0161enje i zloupotrebu prava \u017eena i djevoj\u010dica i sna\u017eno podr\u017eavati civilno dru\u0161tvo kao i \u017eene i mu\u0161karce koji se bore za rodnu ravnopravnost i osna\u017eivanje \u017eena, uklju\u010duju\u0107i i borce za \u017eenska ljudska prava.<\/p>\n\n\n\n<p>EU treba podr\u017eati mobilizaciju religijskih aktera za rodnu ravnopravnost u skladu sa Okvirom za vjeru u prava.<\/p>\n\n\n\n<p>Evropska komisija \u0107e ja\u010dati i nadogra\u0111ivati metodologiju vezanu za rodnu ravnopravnost, ispravan pristup koji obuhvata intersekcionalnost sadr\u017ean u Toolbox-u: pristup baziran na pravima koji obuhvata sva ljudska prava za Razvojnu saradnju EU.<\/p>\n\n\n\n<p>Preuzeto sa: <a href=\"http:\/\/hcabl.org\/borba-protiv-dubokih-uzroka-rodne-neravnopravnosti-tri-osnovna-principa-eu\/\" target=\"_blank\" rel=\"noreferrer noopener\" aria-label=\"HCA BL (opens in a new tab)\">HCA BL<\/a><\/p>\n","protected":false},"excerpt":{"rendered":"<p>Polaze\u0107i od Strategije EU za rodnu ravnopravnost 2020-2025, koja poziva na rodno ravnopravnu Evropu, novi Gender akcioni plan 2021-2025 (GAP<\/p>\n","protected":false},"author":1,"featured_media":8400,"comment_status":"closed","ping_status":"open","sticky":false,"template":"","format":"standard","meta":{"om_disable_all_campaigns":false,"_monsterinsights_skip_tracking":false,"_monsterinsights_sitenote_active":false,"_monsterinsights_sitenote_note":"","_monsterinsights_sitenote_category":0,"footnotes":""},"categories":[370],"tags":[1592,4445,4444],"class_list":["post-8399","post","type-post","status-publish","format-standard","has-post-thumbnail","hentry","category-ostalo","tag-borba","tag-osnovni-eu-principi","tag-rodna-neravnopravnost"],"jetpack_featured_media_url":"https:\/\/www.mladibl.com\/wp-content\/uploads\/2021\/04\/Borba-protiv-dubokih-uzroka-rodne-neravnopravnosti_-tri-osnovna-EU-principa.jpg","amp_enabled":true,"_links":{"self":[{"href":"https:\/\/www.mladibl.com\/index.php?rest_route=\/wp\/v2\/posts\/8399","targetHints":{"allow":["GET"]}}],"collection":[{"href":"https:\/\/www.mladibl.com\/index.php?rest_route=\/wp\/v2\/posts"}],"about":[{"href":"https:\/\/www.mladibl.com\/index.php?rest_route=\/wp\/v2\/types\/post"}],"author":[{"embeddable":true,"href":"https:\/\/www.mladibl.com\/index.php?rest_route=\/wp\/v2\/users\/1"}],"replies":[{"embeddable":true,"href":"https:\/\/www.mladibl.com\/index.php?rest_route=%2Fwp%2Fv2%2Fcomments&post=8399"}],"version-history":[{"count":1,"href":"https:\/\/www.mladibl.com\/index.php?rest_route=\/wp\/v2\/posts\/8399\/revisions"}],"predecessor-version":[{"id":8401,"href":"https:\/\/www.mladibl.com\/index.php?rest_route=\/wp\/v2\/posts\/8399\/revisions\/8401"}],"wp:featuredmedia":[{"embeddable":true,"href":"https:\/\/www.mladibl.com\/index.php?rest_route=\/wp\/v2\/media\/8400"}],"wp:attachment":[{"href":"https:\/\/www.mladibl.com\/index.php?rest_route=%2Fwp%2Fv2%2Fmedia&parent=8399"}],"wp:term":[{"taxonomy":"category","embeddable":true,"href":"https:\/\/www.mladibl.com\/index.php?rest_route=%2Fwp%2Fv2%2Fcategories&post=8399"},{"taxonomy":"post_tag","embeddable":true,"href":"https:\/\/www.mladibl.com\/index.php?rest_route=%2Fwp%2Fv2%2Ftags&post=8399"}],"curies":[{"name":"wp","href":"https:\/\/api.w.org\/{rel}","templated":true}]}}