{"id":8342,"date":"2021-04-19T09:05:30","date_gmt":"2021-04-19T07:05:30","guid":{"rendered":"http:\/\/www.mladibl.com\/?p=8342"},"modified":"2021-04-19T09:05:33","modified_gmt":"2021-04-19T07:05:33","slug":"od-danas-povecan-broj-polazaka-u-javnom-prevozu","status":"publish","type":"post","link":"https:\/\/www.mladibl.com\/?p=8342","title":{"rendered":"Od danas pove\u0107an broj polazaka u javnom prevozu"},"content":{"rendered":"\n<p>S obzirom na to da se i srednjo\u0161kolci vra\u0107aju u \u0161kolske klupe, od danas, 19. aprila, bi\u0107e pove\u0107an broj polazaka na svim linijama javnog gradskog i prigradskog prevoza putnika.<\/p>\n\n\n\n<p>Nadle\u017eno Odjeljenje za saobra\u0107aj i puteve prati epidemiolo\u0161ku situaciju i prilago\u0111ava polaske prevoznim potrebama, te \u0107e sa daljnjim ubla\u017eavanjem mjera i sistem javnog prevoza putnika biti vra\u0107en u redovno funkcionisanje.<\/p>\n\n\n\n<p>Preuzeto sa: <a href=\"https:\/\/www.banjaluka.rs.ba\/od-sutra-povecan-broj-polazaka-u-javnom-prevozu\/\" target=\"_blank\" rel=\"noreferrer noopener\" aria-label=\"Grad Banja Luka (opens in a new tab)\">Grad Banja Luka<\/a><\/p>\n","protected":false},"excerpt":{"rendered":"<p>S obzirom na to da se i srednjo\u0161kolci vra\u0107aju u \u0161kolske klupe, od danas, 19. aprila, bi\u0107e pove\u0107an broj polazaka<\/p>\n","protected":false},"author":1,"featured_media":8343,"comment_status":"closed","ping_status":"open","sticky":false,"template":"","format":"standard","meta":{"om_disable_all_campaigns":false,"_monsterinsights_skip_tracking":false,"_monsterinsights_sitenote_active":false,"_monsterinsights_sitenote_note":"","_monsterinsights_sitenote_category":0,"footnotes":""},"categories":[2],"tags":[4422,53,4421,785,4420],"class_list":["post-8342","post","type-post","status-publish","format-standard","has-post-thumbnail","hentry","category-vijesti","tag-autobusi","tag-banja-luka","tag-broj-polazaka","tag-javni-prevoz","tag-povecan"],"jetpack_featured_media_url":"https:\/\/www.mladibl.com\/wp-content\/uploads\/2021\/04\/Od-danas-pove\u0107an-broj-polazaka-u-javnom-prevozu.jpg","amp_enabled":true,"_links":{"self":[{"href":"https:\/\/www.mladibl.com\/index.php?rest_route=\/wp\/v2\/posts\/8342","targetHints":{"allow":["GET"]}}],"collection":[{"href":"https:\/\/www.mladibl.com\/index.php?rest_route=\/wp\/v2\/posts"}],"about":[{"href":"https:\/\/www.mladibl.com\/index.php?rest_route=\/wp\/v2\/types\/post"}],"author":[{"embeddable":true,"href":"https:\/\/www.mladibl.com\/index.php?rest_route=\/wp\/v2\/users\/1"}],"replies":[{"embeddable":true,"href":"https:\/\/www.mladibl.com\/index.php?rest_route=%2Fwp%2Fv2%2Fcomments&post=8342"}],"version-history":[{"count":1,"href":"https:\/\/www.mladibl.com\/index.php?rest_route=\/wp\/v2\/posts\/8342\/revisions"}],"predecessor-version":[{"id":8344,"href":"https:\/\/www.mladibl.com\/index.php?rest_route=\/wp\/v2\/posts\/8342\/revisions\/8344"}],"wp:featuredmedia":[{"embeddable":true,"href":"https:\/\/www.mladibl.com\/index.php?rest_route=\/wp\/v2\/media\/8343"}],"wp:attachment":[{"href":"https:\/\/www.mladibl.com\/index.php?rest_route=%2Fwp%2Fv2%2Fmedia&parent=8342"}],"wp:term":[{"taxonomy":"category","embeddable":true,"href":"https:\/\/www.mladibl.com\/index.php?rest_route=%2Fwp%2Fv2%2Fcategories&post=8342"},{"taxonomy":"post_tag","embeddable":true,"href":"https:\/\/www.mladibl.com\/index.php?rest_route=%2Fwp%2Fv2%2Ftags&post=8342"}],"curies":[{"name":"wp","href":"https:\/\/api.w.org\/{rel}","templated":true}]}}