{"id":8310,"date":"2021-04-17T09:14:46","date_gmt":"2021-04-17T07:14:46","guid":{"rendered":"http:\/\/www.mladibl.com\/?p=8310"},"modified":"2021-04-17T09:14:47","modified_gmt":"2021-04-17T07:14:47","slug":"od-ponedjeljka-redovna-nastava-na-fakultetima-u-srpskoj-uz-postovanje-preporuka-instituta-za-javno-zdravstvo","status":"publish","type":"post","link":"https:\/\/www.mladibl.com\/?p=8310","title":{"rendered":"Od ponedjeljka redovna nastava na fakultetima u Srpskoj, uz po\u0161tovanje preporuka Instituta za javno zdravstvo"},"content":{"rendered":"\n<p>\u200bNastava na visoko\u0161kolskim ustanovama u Republici Srpskoj \u0107e se, po\u010dev od 19.04.2021. godine, odr\u017eavati na redovan ex-catedra na\u010din, odnosno na fakultetima.<\/p>\n\n\n\n<p>Ovu instrukciju je donijelo Ministarstvo za nau\u010dnotehnolo\u0161ki razvoj, visoko obrazovanje i informaciono dru\u0161tvo Republike Srpske na osnovu dana\u0161njeg Zaklju\u010dka Republi\u010dkog \u0161taba za vanredne situacije.<\/p>\n\n\n\n<p>U instrukciji se navodi da su visoko\u0161kolske ustanove du\u017ene da prilikom odr\u017eavanja nastave i organizovanja ispitnih rokova i drugih aktivnosti u vezi sa polaganjem ispita primijene sve zdravstvene preporuke Instituta za javno zdravstvo Republike Srpske.<\/p>\n\n\n\n<p>Visoko\u0161kolske ustanove su du\u017ene da obezbijede uslove za odvijanje nastave putem elektronskih sredstava komunikacije kako bi se, u slu\u010daju pogor\u0161anja epidemiolo\u0161ke situacije, nastava odvijala nesmetano &#8211; navedeno je u instrukciji Ministarstva<\/p>\n\n\n\n<p>Preuzeto sa: <a href=\"https:\/\/vladars.net\/sr-SP-Cyrl\/Vlada\/Ministarstva\/mnk\/media\/vijesti\/Pages\/vijest,-nastava-na-fakultetima.aspx\" target=\"_blank\" rel=\"noreferrer noopener\" aria-label=\"Ministarstvo za nau\u010dnotehnolo\u0161ki razvoj, visoko obrazovanje i informaciono dru\u0161tvo (opens in a new tab)\">Ministarstvo za nau\u010dnotehnolo\u0161ki razvoj, visoko obrazovanje i informaciono dru\u0161tvo<\/a><\/p>\n","protected":false},"excerpt":{"rendered":"<p>\u200bNastava na visoko\u0161kolskim ustanovama u Republici Srpskoj \u0107e se, po\u010dev od 19.04.2021. godine, odr\u017eavati na redovan ex-catedra na\u010din, odnosno na<\/p>\n","protected":false},"author":1,"featured_media":8311,"comment_status":"closed","ping_status":"open","sticky":false,"template":"","format":"standard","meta":{"om_disable_all_campaigns":false,"_monsterinsights_skip_tracking":false,"_monsterinsights_sitenote_active":false,"_monsterinsights_sitenote_note":"","_monsterinsights_sitenote_category":0,"footnotes":""},"categories":[2],"tags":[3960,4403,4404,130,62],"class_list":["post-8310","post","type-post","status-publish","format-standard","has-post-thumbnail","hentry","category-vijesti","tag-fakulteti","tag-od-ponedjeljak","tag-redovna-nastava","tag-republika-srpska","tag-studenti"],"jetpack_featured_media_url":"https:\/\/www.mladibl.com\/wp-content\/uploads\/2021\/04\/Od-ponedjeljka-redovna-nastava-na-fakultetima-u-Srpskoj-uz-po\u0161tovanje-preporuka-Instituta-za-javno-zdravstvo.jpg","amp_enabled":true,"_links":{"self":[{"href":"https:\/\/www.mladibl.com\/index.php?rest_route=\/wp\/v2\/posts\/8310","targetHints":{"allow":["GET"]}}],"collection":[{"href":"https:\/\/www.mladibl.com\/index.php?rest_route=\/wp\/v2\/posts"}],"about":[{"href":"https:\/\/www.mladibl.com\/index.php?rest_route=\/wp\/v2\/types\/post"}],"author":[{"embeddable":true,"href":"https:\/\/www.mladibl.com\/index.php?rest_route=\/wp\/v2\/users\/1"}],"replies":[{"embeddable":true,"href":"https:\/\/www.mladibl.com\/index.php?rest_route=%2Fwp%2Fv2%2Fcomments&post=8310"}],"version-history":[{"count":1,"href":"https:\/\/www.mladibl.com\/index.php?rest_route=\/wp\/v2\/posts\/8310\/revisions"}],"predecessor-version":[{"id":8312,"href":"https:\/\/www.mladibl.com\/index.php?rest_route=\/wp\/v2\/posts\/8310\/revisions\/8312"}],"wp:featuredmedia":[{"embeddable":true,"href":"https:\/\/www.mladibl.com\/index.php?rest_route=\/wp\/v2\/media\/8311"}],"wp:attachment":[{"href":"https:\/\/www.mladibl.com\/index.php?rest_route=%2Fwp%2Fv2%2Fmedia&parent=8310"}],"wp:term":[{"taxonomy":"category","embeddable":true,"href":"https:\/\/www.mladibl.com\/index.php?rest_route=%2Fwp%2Fv2%2Fcategories&post=8310"},{"taxonomy":"post_tag","embeddable":true,"href":"https:\/\/www.mladibl.com\/index.php?rest_route=%2Fwp%2Fv2%2Ftags&post=8310"}],"curies":[{"name":"wp","href":"https:\/\/api.w.org\/{rel}","templated":true}]}}