{"id":8307,"date":"2021-04-17T09:11:35","date_gmt":"2021-04-17T07:11:35","guid":{"rendered":"http:\/\/www.mladibl.com\/?p=8307"},"modified":"2021-04-17T09:11:36","modified_gmt":"2021-04-17T07:11:36","slug":"nastava-u-srednjim-skolama-od-19-aprila","status":"publish","type":"post","link":"https:\/\/www.mladibl.com\/?p=8307","title":{"rendered":"Nastava u srednjim \u0161kolama od 19. aprila"},"content":{"rendered":"\n<p>Republi\u010dki \u0161tab za vanredne situacije odr\u017eao je ju\u010de 81. sjednicu na kojoj je odlui\u010dio da se od 19. 4. 2021. godine nastavi izvo\u0111enje nastave u prostorijama srednjih \u0161kola u Republici Srpskoj.<\/p>\n\n\n\n<p>Srednje \u0161kole u Republici Srpskoj od ponedjeljka \u0107e organizovati obrazovno-vaspitni rad za u\u010denike svih razreda u \u0161kolskim objektima, a u skladu sa Planom organizovanja rada osnovnih i srednjih \u0161kola i \u0111a\u010dkih domova u \u0161kolskoj 2020\/2021. godini za vrijeme trajanja pandemije virusa korona, koji je donio ministar prosvjete i kulture.<\/p>\n\n\n\n<p>Republi\u010dki \u0161tab zadu\u017eio je sve vaspitno-obrazovne ustanove i gradske\/op\u0161tinske \u0161tabove za vanredne situacije jedinica lokalnih samouprava u Republici Srpskoj da, u skladu sa epidemiolo\u0161kom situacijom u Republici Srpskoj, redovno obavje\u0161tavaju Ministarstvo prosvjete i kulture, te da ukoliko bude potrebno, dostave prijedlog za obustavljanje nastave u \u0161kolama i prelazak na odvijanje nastave na daljinu.<\/p>\n\n\n\n<p>Prijedlog za obustavljanje nastave u \u0161kolama mo\u017ee da obuhvata sve \u0161kole na podru\u010dju odre\u0111ene jedinice lokalne samouprave ili samo odre\u0111ene \u0161kole sa ili bez podru\u010dnih odjeljenja. <\/p>\n\n\n\n<p>Preuzeto sa: <a href=\"https:\/\/vladars.net\/sr-SP-Cyrl\/Vlada\/Ministarstva\/mpk\/media\/vijesti\/Pages\/%D0%9D%D0%B0%D1%81%D1%82%D0%B0%D0%B2%D0%B0-%D1%83-%D1%81%D1%80%D0%B5%D0%B4%D1%9A%D0%B8%D0%BC-%D1%88%D0%BA%D0%BE%D0%BB%D0%B0%D0%BC%D0%B0-%D0%BE%D0%B4-19.-%D0%B0%D0%BF%D1%80%D0%B8%D0%BB%D0%B0.aspx\" target=\"_blank\" rel=\"noreferrer noopener\" aria-label=\"Ministarstvo prosvjete i kulture (opens in a new tab)\">Ministarstvo prosvjete i kulture<\/a><\/p>\n","protected":false},"excerpt":{"rendered":"<p>Republi\u010dki \u0161tab za vanredne situacije odr\u017eao je ju\u010de 81. sjednicu na kojoj je odlui\u010dio da se od 19. 4. 2021.<\/p>\n","protected":false},"author":1,"featured_media":8308,"comment_status":"closed","ping_status":"open","sticky":false,"template":"","format":"standard","meta":{"om_disable_all_campaigns":false,"_monsterinsights_skip_tracking":false,"_monsterinsights_sitenote_active":false,"_monsterinsights_sitenote_note":"","_monsterinsights_sitenote_category":0,"footnotes":""},"categories":[2],"tags":[833,3115,4402,298],"class_list":["post-8307","post","type-post","status-publish","format-standard","has-post-thumbnail","hentry","category-vijesti","tag-nastava","tag-nastavak","tag-od-19-aprila","tag-srednje-skole"],"jetpack_featured_media_url":"https:\/\/www.mladibl.com\/wp-content\/uploads\/2021\/04\/Nastava-u-srednjim-\u0161kolama-od-19.-aprila.jpeg","amp_enabled":true,"_links":{"self":[{"href":"https:\/\/www.mladibl.com\/index.php?rest_route=\/wp\/v2\/posts\/8307","targetHints":{"allow":["GET"]}}],"collection":[{"href":"https:\/\/www.mladibl.com\/index.php?rest_route=\/wp\/v2\/posts"}],"about":[{"href":"https:\/\/www.mladibl.com\/index.php?rest_route=\/wp\/v2\/types\/post"}],"author":[{"embeddable":true,"href":"https:\/\/www.mladibl.com\/index.php?rest_route=\/wp\/v2\/users\/1"}],"replies":[{"embeddable":true,"href":"https:\/\/www.mladibl.com\/index.php?rest_route=%2Fwp%2Fv2%2Fcomments&post=8307"}],"version-history":[{"count":1,"href":"https:\/\/www.mladibl.com\/index.php?rest_route=\/wp\/v2\/posts\/8307\/revisions"}],"predecessor-version":[{"id":8309,"href":"https:\/\/www.mladibl.com\/index.php?rest_route=\/wp\/v2\/posts\/8307\/revisions\/8309"}],"wp:featuredmedia":[{"embeddable":true,"href":"https:\/\/www.mladibl.com\/index.php?rest_route=\/wp\/v2\/media\/8308"}],"wp:attachment":[{"href":"https:\/\/www.mladibl.com\/index.php?rest_route=%2Fwp%2Fv2%2Fmedia&parent=8307"}],"wp:term":[{"taxonomy":"category","embeddable":true,"href":"https:\/\/www.mladibl.com\/index.php?rest_route=%2Fwp%2Fv2%2Fcategories&post=8307"},{"taxonomy":"post_tag","embeddable":true,"href":"https:\/\/www.mladibl.com\/index.php?rest_route=%2Fwp%2Fv2%2Ftags&post=8307"}],"curies":[{"name":"wp","href":"https:\/\/api.w.org\/{rel}","templated":true}]}}