{"id":8301,"date":"2021-04-17T08:30:11","date_gmt":"2021-04-17T06:30:11","guid":{"rendered":"http:\/\/www.mladibl.com\/?p=8301"},"modified":"2021-04-17T08:42:04","modified_gmt":"2021-04-17T06:42:04","slug":"novi-projekat-umjetnoscu-protiv-deponija","status":"publish","type":"post","link":"https:\/\/www.mladibl.com\/?p=8301","title":{"rendered":"Novi projekat: Umjetno\u0161\u0107u protiv deponija"},"content":{"rendered":"\n<p>Povodom Dana grada, na mjestima nekada\u0161njih deponija u naseljima Vrbanja i Lazarevo bi\u0107e postavljene kamene skulpture banjalu\u010dkog vajara Bojana Mikuli\u0107a, najavljeno je iz Odjeljenja za kulturu, turizam i socijalnu politiku.<\/p>\n\n\n\n<p>Skulpture \u0107e biti postvljene na inicijativu grupe gra\u0111ana u sklopu pilot projekta pod nazivom \u201eLije\u010denje prostora\u201c, koji je podr\u017eala Fondacija Fridrih Ebert.<\/p>\n\n\n\n<p>Kako je navedeno, osnovni cilj ovog projekta je da se doka\u017ee da \u0107e ljudi u manjoj mjeri odlagati sme\u0107e na mjesta, na kojima se postavi neko umjetni\u010dko djelo.<\/p>\n\n\n\n<p>-Rije\u010d je o umjetni\u010dkoj metodi  ekolo\u0161kog djelovanja na  prostor \u201elitopunktura\u201c, kojom se postavljaju skulpture od kamena u neuralgi\u010dne ta\u010dke u prostoru, mijenjaju\u0107i tako energiju tog prostora \u2013 navedeno je u projektu.<\/p>\n\n\n\n<p>Postamenti za skulpture postavljeni su u naseljima Lazarevo i u Vrbanja, a planirano je postavljanje na jo\u0161 dvije lokacije u okolini grada.<\/p>\n\n\n\n<p>Preuzeto sa: <a href=\"https:\/\/www.banjaluka.rs.ba\/novi-projekat-umjetnoscu-protiv-deponija\/\" target=\"_blank\" rel=\"noreferrer noopener\" aria-label=\"Grad Banja Luka (opens in a new tab)\">Grad Banja Luka<\/a><\/p>\n","protected":false},"excerpt":{"rendered":"<p>Povodom Dana grada, na mjestima nekada\u0161njih deponija u naseljima Vrbanja i Lazarevo bi\u0107e postavljene kamene skulpture banjalu\u010dkog vajara Bojana Mikuli\u0107a,<\/p>\n","protected":false},"author":1,"featured_media":8302,"comment_status":"closed","ping_status":"open","sticky":false,"template":"","format":"standard","meta":{"om_disable_all_campaigns":false,"_monsterinsights_skip_tracking":false,"_monsterinsights_sitenote_active":false,"_monsterinsights_sitenote_note":"","_monsterinsights_sitenote_category":0,"footnotes":""},"categories":[2],"tags":[2708,27,4397,4398],"class_list":["post-8301","post","type-post","status-publish","format-standard","has-post-thumbnail","hentry","category-vijesti","tag-deponija","tag-grad-banja-luka","tag-novi-projekat","tag-umjetnoscu"],"jetpack_featured_media_url":"https:\/\/www.mladibl.com\/wp-content\/uploads\/2021\/04\/Novi-projekat_-Umjetno\u0161\u0107u-protiv-deponija.jpg","amp_enabled":true,"_links":{"self":[{"href":"https:\/\/www.mladibl.com\/index.php?rest_route=\/wp\/v2\/posts\/8301","targetHints":{"allow":["GET"]}}],"collection":[{"href":"https:\/\/www.mladibl.com\/index.php?rest_route=\/wp\/v2\/posts"}],"about":[{"href":"https:\/\/www.mladibl.com\/index.php?rest_route=\/wp\/v2\/types\/post"}],"author":[{"embeddable":true,"href":"https:\/\/www.mladibl.com\/index.php?rest_route=\/wp\/v2\/users\/1"}],"replies":[{"embeddable":true,"href":"https:\/\/www.mladibl.com\/index.php?rest_route=%2Fwp%2Fv2%2Fcomments&post=8301"}],"version-history":[{"count":1,"href":"https:\/\/www.mladibl.com\/index.php?rest_route=\/wp\/v2\/posts\/8301\/revisions"}],"predecessor-version":[{"id":8303,"href":"https:\/\/www.mladibl.com\/index.php?rest_route=\/wp\/v2\/posts\/8301\/revisions\/8303"}],"wp:featuredmedia":[{"embeddable":true,"href":"https:\/\/www.mladibl.com\/index.php?rest_route=\/wp\/v2\/media\/8302"}],"wp:attachment":[{"href":"https:\/\/www.mladibl.com\/index.php?rest_route=%2Fwp%2Fv2%2Fmedia&parent=8301"}],"wp:term":[{"taxonomy":"category","embeddable":true,"href":"https:\/\/www.mladibl.com\/index.php?rest_route=%2Fwp%2Fv2%2Fcategories&post=8301"},{"taxonomy":"post_tag","embeddable":true,"href":"https:\/\/www.mladibl.com\/index.php?rest_route=%2Fwp%2Fv2%2Ftags&post=8301"}],"curies":[{"name":"wp","href":"https:\/\/api.w.org\/{rel}","templated":true}]}}