{"id":8298,"date":"2021-04-17T08:36:02","date_gmt":"2021-04-17T06:36:02","guid":{"rendered":"http:\/\/www.mladibl.com\/?p=8298"},"modified":"2021-04-17T08:36:05","modified_gmt":"2021-04-17T06:36:05","slug":"usvojen-plan-aktivnosti-za-obiljezavanje-i-proslavu-dana-grada","status":"publish","type":"post","link":"https:\/\/www.mladibl.com\/?p=8298","title":{"rendered":"Usvojen Plan aktivnosti za obilje\u017eavanje i proslavu Dana grada"},"content":{"rendered":"\n<p>U toku su intenzivne pripreme kako bi Banja Luka 22. aprila zasijala u punom sjaju, a tim povodom odr\u017ean je sastanak Organizacionog odbora za proslavu i obilje\u017eavanje Dana grada na kojem su usvojeni Program aktivnosti, finansijski plan potreban za realizaciju planiranih aktivnosti, te su imenovani koordinatori zadu\u017eeni za nesmetanu realizaciju brojnih doga\u0111aja i manifestacija.<\/p>\n\n\n\n<p>Programom aktivnosti Dana grada, utvr\u0111eno je da \u0107e prve aktivnosti zapo\u010deti 19. aprila, kada su planirani prvi prijemi kod gradona\u010delnika, dok \u0107e Sve\u010dana akademija biti odr\u017eana 22. aprila, sa po\u010detkom u 11 \u010dasova.<\/p>\n\n\n\n<p>Potvr\u0111eno je da \u0107e na ovoj sve\u010danosti prisustvovati predsjednik Republike Srbije, Aleksandar Vu\u010di\u0107 kojem \u0107e, tom prilikom, biti uru\u010deno najve\u0107e gradsko priznanje \u201eKlju\u010d grada\u201c.<\/p>\n\n\n\n<p>Sve\u010dano obilje\u017eavanje i proslava Dana grada traja\u0107e oko dvije nedjelje, \u0161to zna\u010di da \u0107e sve\u010danost trajati i tokom maja, a uglavnom se radi o manifestacijama koje \u0107e biti odr\u017eane na otvorenom, uz po\u0161tovanje svih propisanih epidemiolo\u0161kih mjera i preporuka.<\/p>\n\n\n\n<p>Gradona\u010delnik Dra\u0161ko Stanivukovi\u0107 ranije je najavio da \u0107e povodom Dana grada biti prezentovan prednacrt urbanisti\u010dkog plana, ali i da \u0107e gra\u0111anima biti predstavljeno preko 30 novih projekata va\u017enih za grad, poput humanih parkinga, kampanje podizanja svijesti o kori\u0161tenju bicikala kao prevoznog sredstva, nove govornice na Trgu Krajine i mnogih drugih.<\/p>\n\n\n\n<p>Tim povodom, sve gradske slu\u017ebe intenzivno rade kako bi uprili\u010dile najljep\u0161i ro\u0111endan na\u0161em gradu. Naime, radi se na intenzivnom \u010di\u0161\u0107enju, ure\u0111uju se zelene povr\u0161ine, obnavlja se horizontalna saobra\u0107ajna signalizacija, ozna\u010davaju se mjesta \u201ehumanih parkinga\u201c , a Gospodska ulica je odjevena u novo cvjetno ruho, koje je izazvalo odu\u0161evljenje brojnih sugra\u0111ana.<\/p>\n\n\n\n<p>Ovom prilikom, pozivamo gra\u0111ane da se pridru\u017ee obilje\u017eavanju i daju svoj doprinos tako \u0161to \u0107e fotografisati neke od prelijepih dijelova na\u0161eg grada i podijeliti ih putem dru\u0161tvenih mre\u017ea Instagram i Fejsbuk uz he\u0161teg #ApriluBL i #NovaBL.<\/p>\n\n\n\n<p>Preuzeto sa: <a href=\"https:\/\/www.banjaluka.rs.ba\/usvojen-plan-aktivnosti-za-obiljezavanje-dana-grada\/\" target=\"_blank\" rel=\"noreferrer noopener\" aria-label=\"Grad Banja Luka (opens in a new tab)\">Grad Banja Luka<\/a><\/p>\n","protected":false},"excerpt":{"rendered":"<p>U toku su intenzivne pripreme kako bi Banja Luka 22. aprila zasijala u punom sjaju, a tim povodom odr\u017ean je<\/p>\n","protected":false},"author":1,"featured_media":8299,"comment_status":"closed","ping_status":"open","sticky":false,"template":"","format":"standard","meta":{"om_disable_all_campaigns":false,"_monsterinsights_skip_tracking":false,"_monsterinsights_sitenote_active":false,"_monsterinsights_sitenote_note":"","_monsterinsights_sitenote_category":0,"footnotes":""},"categories":[2],"tags":[53,279,1255,4395,4396,2209],"class_list":["post-8298","post","type-post","status-publish","format-standard","has-post-thumbnail","hentry","category-vijesti","tag-banja-luka","tag-dan-grada","tag-obiljezavanje","tag-plan-aktivnosti","tag-proslava","tag-usvojen"],"jetpack_featured_media_url":"https:\/\/www.mladibl.com\/wp-content\/uploads\/2021\/04\/Usvojen-Plan-aktivnosti-za-obilje\u017eavanje-i-proslavu-Dana-grada.jpg","amp_enabled":true,"_links":{"self":[{"href":"https:\/\/www.mladibl.com\/index.php?rest_route=\/wp\/v2\/posts\/8298","targetHints":{"allow":["GET"]}}],"collection":[{"href":"https:\/\/www.mladibl.com\/index.php?rest_route=\/wp\/v2\/posts"}],"about":[{"href":"https:\/\/www.mladibl.com\/index.php?rest_route=\/wp\/v2\/types\/post"}],"author":[{"embeddable":true,"href":"https:\/\/www.mladibl.com\/index.php?rest_route=\/wp\/v2\/users\/1"}],"replies":[{"embeddable":true,"href":"https:\/\/www.mladibl.com\/index.php?rest_route=%2Fwp%2Fv2%2Fcomments&post=8298"}],"version-history":[{"count":1,"href":"https:\/\/www.mladibl.com\/index.php?rest_route=\/wp\/v2\/posts\/8298\/revisions"}],"predecessor-version":[{"id":8300,"href":"https:\/\/www.mladibl.com\/index.php?rest_route=\/wp\/v2\/posts\/8298\/revisions\/8300"}],"wp:featuredmedia":[{"embeddable":true,"href":"https:\/\/www.mladibl.com\/index.php?rest_route=\/wp\/v2\/media\/8299"}],"wp:attachment":[{"href":"https:\/\/www.mladibl.com\/index.php?rest_route=%2Fwp%2Fv2%2Fmedia&parent=8298"}],"wp:term":[{"taxonomy":"category","embeddable":true,"href":"https:\/\/www.mladibl.com\/index.php?rest_route=%2Fwp%2Fv2%2Fcategories&post=8298"},{"taxonomy":"post_tag","embeddable":true,"href":"https:\/\/www.mladibl.com\/index.php?rest_route=%2Fwp%2Fv2%2Ftags&post=8298"}],"curies":[{"name":"wp","href":"https:\/\/api.w.org\/{rel}","templated":true}]}}