{"id":8293,"date":"2021-04-16T09:14:09","date_gmt":"2021-04-16T07:14:09","guid":{"rendered":"http:\/\/www.mladibl.com\/?p=8293"},"modified":"2021-04-16T09:23:05","modified_gmt":"2021-04-16T07:23:05","slug":"generalni-sekretar-ryco-a-mladima-budite-aktivni-i-odlucni-u-izgradnji-boljeg-regiona","status":"publish","type":"post","link":"https:\/\/www.mladibl.com\/?p=8293","title":{"rendered":"Generalni sekretar RYCO-a mladima: &#8220;Budite aktivni i odlu\u010dni u izgradnji boljeg regiona&#8221;"},"content":{"rendered":"\n<p><em>Pripremio: Milo\u0161 Blagojevi\u0107<\/em><\/p>\n\n\n\n<p>Po\u010detkom marta ove godine Upravni odbor Regionalne kancelarije za mlade Zapadnog Balkana je izabrao novog generalnog sekretara, to je Albert Hani. On je do sada vodio lokalnu kancelariju u Sjevernoj Makedoniji. Po\u010detkom aprila 2021. godine po\u010deo je njegov mandat i tom prilikom uradili smo intervju sa njim.<\/p>\n\n\n\n<p><strong>Mo\u017ee\u0161 li nam se predstaviti? Ko je zapravo Albert Hani?<\/strong><\/p>\n\n\n\n<p>Pre svega, hvala na pozivu za intervju. Zadovoljstvo mi je da je govorim za va\u0161 portal.<\/p>\n\n\n\n<p>Albert je, pre svega, aktivista sa iskustvom od preko 20 godina u upravljanju i vo\u0111enju omladinskih i projekata izgranje mira. Imao sam zadovoljstvo da radim sa zaista velikim brojem me\u0111unarodnih organizacija. Pored specijalizacije u oblasti me\u0111unarodnog prava, bavim se i upravljanjem ljudskim resursima, pitanjima rodne ravnopravnosti i politikom, ali se interesujem i za istoriju i me\u0111unarodne odnose.<\/p>\n\n\n\n<p>Izme\u0111u ostalog, doktorand sam i predajem multikulturalnu komunikaciju na Univerzitetu u Tetovu. Za sebe volim da ka\u017eem da sam promoter mira, medijator i trener u oblastima izgradnje mira, ljudskih prava, upravljanja projektima. Do sada sam facilitirao na stotine treninga i konferencija za razli\u010dite ciljne grupe kao \u0161to su vlade, javni slu\u017ebenici, policija, mladi, udru\u017eenja gra\u0111ana, biznisi\u2026<\/p>\n\n\n\n<p><strong>\u0160ta za tebe zna\u010di regionalna saradnja, i kako je ti vidi\u0161? \u0160ta je potrebno za bolju i efikasniju regionalnu saradnju?<\/strong><\/p>\n\n\n\n<p>Regionalna saradnja za mene predstavlja preduslov za boljitak u regionu. Verujem da jedino povezani, udru\u017eeni i fokusirani na sli\u010dnosti mo\u017eemo da napredujemo kao region. Pla\u0161im se da ukoliko insistiramo na razlikama i podelama, ne mo\u017eemo da odemo daleko. Kao \u0161to niko s\u00e2m ne mo\u017ee da postigne velike rezultate, ve\u0107 uvek mora da bude timski igra\u010d, tako i na\u0161a dru\u0161tva moraju da se udru\u017ee kako bismo promenili trenutno stanje u regionu koje mo\u017ee biti mnogo bolje. <\/p>\n\n\n\n<p>Za bolju i efikasniju regionalnu saradnju pre svega je potrebna iskrenost i istinska \u017eelja za promenama. Ne mo\u017eemo da menjamo stvari a da ostanemo zarobljeni u pro\u0161losti i da insistiramo na starim podelama. Potrebna nam je nova energija usmerena na prijateljstvo i zajedni\u010dki interes, a ne pojedina\u010dne, kratkoro\u010dne interese.<\/p>\n\n\n\n<figure class=\"wp-block-image\"><img loading=\"lazy\" decoding=\"async\" width=\"800\" height=\"449\" src=\"http:\/\/www.mladibl.com\/wp-content\/uploads\/2021\/01\/2020_-RYCO\u2019s-Year-in-Review.jpg\" alt=\"\" class=\"wp-image-5311\" srcset=\"https:\/\/www.mladibl.com\/wp-content\/uploads\/2021\/01\/2020_-RYCO\u2019s-Year-in-Review.jpg 800w, https:\/\/www.mladibl.com\/wp-content\/uploads\/2021\/01\/2020_-RYCO\u2019s-Year-in-Review-300x168.jpg 300w, https:\/\/www.mladibl.com\/wp-content\/uploads\/2021\/01\/2020_-RYCO\u2019s-Year-in-Review-768x431.jpg 768w\" sizes=\"auto, (max-width: 800px) 100vw, 800px\" \/><\/figure>\n\n\n\n<p><strong>\u0160ta postojanje RYCO-a predstavlja za mlade?<\/strong><\/p>\n\n\n\n<p>RYCO kao me\u0111uvladin mehanizam predstavlja poruku koje su na\u0161e vlade poslale mladima da su njihovo mi\u0161ljenje i anga\u017eman zna\u010dajni za razvoj regiona. To je ono \u0161to mladi prvo treba da znaju kada \u010duju za Regionalnu kancelariju za saradnju mladih. Kada govorimo o konkretnim stvarima, RYCO za mlade predstavlja izvor novih mogu\u0107nosti da se u regionu me\u0111usobno povezuju, rade zajedno na promenama i izgradnji jednog boljeg mesta za \u017eivot u kome \u017eele da ostanu i stvaraju nove mogu\u0107nosti. <\/p>\n\n\n\n<p><strong>Iako nezahvalno, molimo te da nam predstavi\u0161 svoju viziju RYCO-a. Koji su glavni ciljevi tvog mandata? \u0160ta \u0107e ti biti prioriteti?<\/strong><\/p>\n\n\n\n<p>Mandat generalnog sekretara RYCO-a traje \u010detiri godine i nema mogu\u0107nost produ\u017eetka. Iako mo\u017ee da deluje da \u010detiri godine deluje dugo, ovo vreme zaista brzo pro\u0111e kada se radi na regionalnom povezivanju. Ovo govorim iz perspektive nekoga ko je radio kao \u0161ef Lokalne kancelarije RYCO-a u Severnoj Makedoniji.<\/p>\n\n\n\n<p>Imaju\u0107i to na umu, moj li\u010dni cilj je da nastavimo da gradimo RYCO kao jednu prepoznatljivu, funkcionalnu i organizaciju koja inspiri\u0161e (mlade) ljude u regionu da sara\u0111uju, povezuju se i stvaraju nove mogu\u0107nosti. Za prvih \u010detiri godine postojanja, RYCO je uspeo da postane jedan od bitnih \u010dinioca u regionalnoj areni, te bih moja \u017eelja bila da ta uloga nastavi da raste i u budu\u0107nosti.<\/p>\n\n\n\n<p>Kada govorimo o prioritetima, oni su pitanje \u010ditave organizacije, ali i na\u0161ih prijatelja i partnera \u2013 organizacija civilnog dru\u0161tva, \u0161kola, mladih, na\u0161ih vlada\u2026 Tokom ove godine \u0107emo u\u0107i u fazu novog strate\u0161kog planiranja za naredne tri godine, za period od 2022. do 2024. Verujem da \u0107u vam mo\u0107i dati vi\u0161e detalja u drugoj polovini godine o novim prioritetima. Do tada, radi\u0107emo na implementaciji trenutnih strate\u0161kih ciljeva, a to su nastavak pru\u017eanja kvalitetnih mogu\u0107nosti mladima da se povezuju u regionu, izgradnja okru\u017eenja koje vrednuje ovakvo povezivanje mladih, ali i nastavak institucionalne izgradnje RYCO-a kao uspe\u0161ne me\u0111uvladine organizacije.<\/p>\n\n\n\n<figure class=\"wp-block-image\"><img loading=\"lazy\" decoding=\"async\" width=\"800\" height=\"600\" src=\"http:\/\/www.mladibl.com\/wp-content\/uploads\/2021\/04\/RYCO-Strategic-Plan-2019-2021.jpg\" alt=\"\" class=\"wp-image-8295\" srcset=\"https:\/\/www.mladibl.com\/wp-content\/uploads\/2021\/04\/RYCO-Strategic-Plan-2019-2021.jpg 800w, https:\/\/www.mladibl.com\/wp-content\/uploads\/2021\/04\/RYCO-Strategic-Plan-2019-2021-300x225.jpg 300w, https:\/\/www.mladibl.com\/wp-content\/uploads\/2021\/04\/RYCO-Strategic-Plan-2019-2021-768x576.jpg 768w\" sizes=\"auto, (max-width: 800px) 100vw, 800px\" \/><\/figure>\n\n\n\n<p><strong>Iza nas je te\u0161ka godine uzrokovana Covid-19 i jo\u0161 uvek se suo\u010davamo sa korona virusom, te je to nezaobilazna tema. Reci mi kako RYCO planira odgovoriti na ovu situaciju, i na koji na\u010din se suo\u010diti sa izazovima i preprekama?<\/strong><\/p>\n\n\n\n<p>Jo\u0161 na samom po\u010detku pandemije virusa korona, RYCO je suspendovao sve fizi\u010dke susrete mladih. Ovo je zna\u010dajno uticalno na na\u0161 rad jer je povezivanje mladih u sredi\u0161tu na\u0161e misije. Me\u0111utim, mi nismo stali, ve\u0107 smo na\u0161li na\u010dine da nastavimo da povezujemo mlade i korak po korak stvaramo promenu u regionu. Naime, nakon par meseci pauze, svi na\u0161i projekti su nastavili sa implementacijom kori\u0161\u0107enjem dostupnih onlajn platformi. Veliko nam je zadovoljstvo da je ovakva implementacija projekata uspela i nastavila da daje rezultate. Dodatno, svesni smo da organizacije i \u0161kole koje podr\u017eavamo nisu bile spremne za pandemiju, pa smo u saradnji sa na\u0161im partnerima radili i na ja\u010danju njihovih kapaciteta za implementaciju ovakvih onlajn aktivnosti.<\/p>\n\n\n\n<p>Da sumiram, novo doba nam nudi dosta na\u010dina da ostanemo povezani i radimo na izgradnji boljeg regiona i u toku pandemije. Ipak, nadamo se da \u0107emo uskoro opet mo\u0107i da se fizi\u010dki sastajemo jer ovakvi fizi\u010dki susreti daju, svakako, druga\u010diji i lep\u0161i ose\u0107aj zajedni\u0161tva.<\/p>\n\n\n\n<p><strong>RYCO je do sada imao \u010detiri javna poziva za dodjelu sredstava, kada mo\u017eemo o\u010dekivati novi poziv, i da li \u0107e biti nekih posebnih uslova i oblasti?<\/strong><\/p>\n\n\n\n<p>Ta\u010dno tako. Do sada smo uspeli da organizujemo \u010detiri otvorena poziva u koje smo ulo\u017eili preko 2.500.000\u20ac kako bismo povezali \u0161to je vi\u0161e mogu\u0107e mladih iz regiona. Organizacije koje smo podr\u017eali u okviru poslednjeg, \u010detvrtog poziva za podno\u0161enje predloga projekata su ve\u0107 krenule sa realizacijom svojih aktivnosti. <\/p>\n\n\n\n<p>Kao i do sada, novi poziv \u0107emo objaviti na jesen. Ovim pozivom \u017eelimo da se fokusiramo na saradnju srednjih \u0161kola iz regiona i to na dugi rok. Kako jo\u0161 uvek pripremamo ovaj poziv, pozivam nastavnike i profesore, ali i organizacije civilnog dru\u0161tva, da nastave da prate na\u0161 rad i vrlo brzo saznaju detalje.<\/p>\n\n\n\n<figure class=\"wp-block-image\"><img loading=\"lazy\" decoding=\"async\" width=\"1024\" height=\"640\" src=\"http:\/\/www.mladibl.com\/wp-content\/uploads\/2020\/09\/RYCO-Launches-Its-Fourth-Open-Call-for-Project-Proposals-1024x640.png\" alt=\"\" class=\"wp-image-2646\" srcset=\"https:\/\/www.mladibl.com\/wp-content\/uploads\/2020\/09\/RYCO-Launches-Its-Fourth-Open-Call-for-Project-Proposals.png 1024w, https:\/\/www.mladibl.com\/wp-content\/uploads\/2020\/09\/RYCO-Launches-Its-Fourth-Open-Call-for-Project-Proposals-300x188.png 300w, https:\/\/www.mladibl.com\/wp-content\/uploads\/2020\/09\/RYCO-Launches-Its-Fourth-Open-Call-for-Project-Proposals-768x480.png 768w\" sizes=\"auto, (max-width: 1024px) 100vw, 1024px\" \/><\/figure>\n\n\n\n<p><strong>Poruka generalnog sekretara RYCO-a mladima u Bosni i Hercegovini za kraj ovog intervjua bila bi?<\/strong><\/p>\n\n\n\n<p>Poruka za mlade u Bosni i Hercegovini, ali i u \u010ditavom regionu, je da nastave da budu aktivni i odlu\u010dni u izgradnji boljeg regiona za sve na\u0161e ljude. Mladi su tu da ka\u017eu kakav region \u017eele, a mi smo tu da ih slu\u0161amo i zajedno sa njima radimo na izgradnji regiona po njihovoj meri. RYCO \u0107e uvek biti tu da ih podr\u017ei, saslu\u0161a i radi zajedno sa njima.<\/p>\n\n\n\n<p><strong>I na kraju, da li te uskoro mo\u017eemo o\u010dekivati kod nas? Neki RYCO doga\u0111aj u najavi?<\/strong><\/p>\n\n\n\n<p>Kako je moj mandat generalnog sekretara RYCO-a krenuo po\u010detkom aprila, verujem da \u0107u veoma brzo krenuti u obilazak svih na\u0161ih lokalnih kancelarija u \u010ditavom regionu. Trenutna pandemija, svakako, ne olak\u0161ava ove planove, ali se nadam da \u0107u ovu zapadnobalkansku turu uspeti da zavr\u0161im tokom prole\u0107a. Ali, kao \u0161to sam napomenuo da je mogu\u0107e nastaviti sa radom i tokom pandemije, verujem da \u0107emo se ubrzo sresti na nekom od na\u0161ih onlajn doga\u0111aja. A kada govorimo o doga\u0111ajima, preporu\u010dujem vam da pratite \u0161ta \u0107e RYCO raditi u narednih par meseci jer \u0107emo imati pregr\u0161t zanimljivih aktivnosti tokom ove godine. Na\u0161 je cilj da nastavimo da pru\u017eamo inspirativne mogu\u0107nosti, tako da sam siguran da vas ne\u0107emo razo\u010darati.<\/p>\n\n\n\n<p>Dozvoli\u0107ete mi da na kraju podsetim vas i va\u0161e \u010ditaoce na na\u0161 slogan \u2013 bolji region po\u010dinje sa mladima. Zato verujete, slu\u0161ajte i ula\u017eite u mlade ljude kako bismo, kona\u010dno, u\u010dinili region boljim, a mladi ljudi neka nastave da budu sjajni i puni energije kao \u0161to jesu, \u010dak i u ovim neizvesnim vremenima.<\/p>\n\n\n\n<figure class=\"wp-block-image\"><img loading=\"lazy\" decoding=\"async\" width=\"800\" height=\"449\" src=\"http:\/\/www.mladibl.com\/wp-content\/uploads\/2020\/11\/RYCO-Publication_-A-Better-Region-Starts-with-YOUth.jpg\" alt=\"\" class=\"wp-image-4418\" srcset=\"https:\/\/www.mladibl.com\/wp-content\/uploads\/2020\/11\/RYCO-Publication_-A-Better-Region-Starts-with-YOUth.jpg 800w, https:\/\/www.mladibl.com\/wp-content\/uploads\/2020\/11\/RYCO-Publication_-A-Better-Region-Starts-with-YOUth-300x168.jpg 300w, https:\/\/www.mladibl.com\/wp-content\/uploads\/2020\/11\/RYCO-Publication_-A-Better-Region-Starts-with-YOUth-768x431.jpg 768w\" sizes=\"auto, (max-width: 800px) 100vw, 800px\" \/><\/figure>\n","protected":false},"excerpt":{"rendered":"<p>Pripremio: Milo\u0161 Blagojevi\u0107 Po\u010detkom marta ove godine Upravni odbor Regionalne kancelarije za mlade Zapadnog Balkana je izabrao novog generalnog sekretara,<\/p>\n","protected":false},"author":1,"featured_media":8294,"comment_status":"closed","ping_status":"open","sticky":false,"template":"","format":"standard","meta":{"om_disable_all_campaigns":false,"_monsterinsights_skip_tracking":false,"_monsterinsights_sitenote_active":false,"_monsterinsights_sitenote_note":"","_monsterinsights_sitenote_category":0,"footnotes":""},"categories":[17],"tags":[3673,4392,3078,168,4393,124,4394],"class_list":["post-8293","post","type-post","status-publish","format-standard","has-post-thumbnail","hentry","category-intervju","tag-albert-hani","tag-generalni-sekretar","tag-intervju","tag-region","tag-regionalna-kancelarija","tag-ryco","tag-saradnja-mladih"],"jetpack_featured_media_url":"https:\/\/www.mladibl.com\/wp-content\/uploads\/2021\/04\/Albert-Hani-generalni-sekretar-RYCO.jpg","amp_enabled":true,"_links":{"self":[{"href":"https:\/\/www.mladibl.com\/index.php?rest_route=\/wp\/v2\/posts\/8293","targetHints":{"allow":["GET"]}}],"collection":[{"href":"https:\/\/www.mladibl.com\/index.php?rest_route=\/wp\/v2\/posts"}],"about":[{"href":"https:\/\/www.mladibl.com\/index.php?rest_route=\/wp\/v2\/types\/post"}],"author":[{"embeddable":true,"href":"https:\/\/www.mladibl.com\/index.php?rest_route=\/wp\/v2\/users\/1"}],"replies":[{"embeddable":true,"href":"https:\/\/www.mladibl.com\/index.php?rest_route=%2Fwp%2Fv2%2Fcomments&post=8293"}],"version-history":[{"count":2,"href":"https:\/\/www.mladibl.com\/index.php?rest_route=\/wp\/v2\/posts\/8293\/revisions"}],"predecessor-version":[{"id":8297,"href":"https:\/\/www.mladibl.com\/index.php?rest_route=\/wp\/v2\/posts\/8293\/revisions\/8297"}],"wp:featuredmedia":[{"embeddable":true,"href":"https:\/\/www.mladibl.com\/index.php?rest_route=\/wp\/v2\/media\/8294"}],"wp:attachment":[{"href":"https:\/\/www.mladibl.com\/index.php?rest_route=%2Fwp%2Fv2%2Fmedia&parent=8293"}],"wp:term":[{"taxonomy":"category","embeddable":true,"href":"https:\/\/www.mladibl.com\/index.php?rest_route=%2Fwp%2Fv2%2Fcategories&post=8293"},{"taxonomy":"post_tag","embeddable":true,"href":"https:\/\/www.mladibl.com\/index.php?rest_route=%2Fwp%2Fv2%2Ftags&post=8293"}],"curies":[{"name":"wp","href":"https:\/\/api.w.org\/{rel}","templated":true}]}}