{"id":8259,"date":"2021-04-16T07:36:05","date_gmt":"2021-04-16T05:36:05","guid":{"rendered":"http:\/\/www.mladibl.com\/?p=8259"},"modified":"2021-04-16T07:36:07","modified_gmt":"2021-04-16T05:36:07","slug":"banja-luka-se-priprema-za-dan-grada-dekorativne-instalacije-u-gospodskoj-ulici","status":"publish","type":"post","link":"https:\/\/www.mladibl.com\/?p=8259","title":{"rendered":"Banja Luka se priprema za Dan grada: Dekorativne instalacije u Gospodskoj ulici"},"content":{"rendered":"\n<p>Povodom Dana grada, po\u010delo je postavljanje dekorativne instalacije i \u017eardinjera sa ukrasnim sadnicama u Gospodskoj ulici.<\/p>\n\n\n\n<p>Planirano je da instalacija podsje\u0107a na br\u0161ljan, sa kojeg \u0107e se spu\u0161tati cvjetne kugle koje \u0107e no\u0107u svijetliti.<\/p>\n\n\n\n<p>Grad se priprema za proslavu Dana grada \u2013 22. aprila, a ove dekoracije \u0107e dodatno ukrasiti sam centar grada i najpopularnije \u0161etali\u0161te u Banjoj Luci.<\/p>\n\n\n\n<p>Ono \u0161to je sigurno, i sugra\u0111ani i svi posjetioci u na\u0161em gradu ima\u0107e jo\u0161 jedno novo mjesto za fotografisanje.<\/p>\n\n\n\n<p>Ujedno, po\u010delo je i postavljanje zastava Republike Srpske na glavnim saobra\u0107ajnicama kroz u\u017ei centar grada, odnosno u ulicama: Kralja Petra Prvog Kara\u0111or\u0111evi\u0107a, Mladena Stojanovi\u0107a, Vuka Karad\u017ei\u0107a, Ranka \u0160ipke i Aleji Svetog Save.<\/p>\n\n\n\n<p>Preuzeto sa: <a href=\"https:\/\/www.banjaluka.rs.ba\/banja-luka-se-priprema-za-dan-grada\/\" target=\"_blank\" rel=\"noreferrer noopener\" aria-label=\" (opens in a new tab)\">Grad Banja Luka<\/a><\/p>\n","protected":false},"excerpt":{"rendered":"<p>Povodom Dana grada, po\u010delo je postavljanje dekorativne instalacije i \u017eardinjera sa ukrasnim sadnicama u Gospodskoj ulici. Planirano je da instalacija<\/p>\n","protected":false},"author":1,"featured_media":8260,"comment_status":"closed","ping_status":"open","sticky":false,"template":"","format":"standard","meta":{"om_disable_all_campaigns":false,"_monsterinsights_skip_tracking":false,"_monsterinsights_sitenote_active":false,"_monsterinsights_sitenote_note":"","_monsterinsights_sitenote_category":0,"footnotes":""},"categories":[2],"tags":[53,279,4370,4371,687],"class_list":["post-8259","post","type-post","status-publish","format-standard","has-post-thumbnail","hentry","category-vijesti","tag-banja-luka","tag-dan-grada","tag-dekorativne-instalacije","tag-gospodska-ulica","tag-priprema"],"jetpack_featured_media_url":"https:\/\/www.mladibl.com\/wp-content\/uploads\/2021\/04\/Banja-Luka-se-priprema-za-Dan-grada_-Dekorativne-instalacije-u-Gospodskoj-ulici.jpg","amp_enabled":true,"_links":{"self":[{"href":"https:\/\/www.mladibl.com\/index.php?rest_route=\/wp\/v2\/posts\/8259","targetHints":{"allow":["GET"]}}],"collection":[{"href":"https:\/\/www.mladibl.com\/index.php?rest_route=\/wp\/v2\/posts"}],"about":[{"href":"https:\/\/www.mladibl.com\/index.php?rest_route=\/wp\/v2\/types\/post"}],"author":[{"embeddable":true,"href":"https:\/\/www.mladibl.com\/index.php?rest_route=\/wp\/v2\/users\/1"}],"replies":[{"embeddable":true,"href":"https:\/\/www.mladibl.com\/index.php?rest_route=%2Fwp%2Fv2%2Fcomments&post=8259"}],"version-history":[{"count":1,"href":"https:\/\/www.mladibl.com\/index.php?rest_route=\/wp\/v2\/posts\/8259\/revisions"}],"predecessor-version":[{"id":8261,"href":"https:\/\/www.mladibl.com\/index.php?rest_route=\/wp\/v2\/posts\/8259\/revisions\/8261"}],"wp:featuredmedia":[{"embeddable":true,"href":"https:\/\/www.mladibl.com\/index.php?rest_route=\/wp\/v2\/media\/8260"}],"wp:attachment":[{"href":"https:\/\/www.mladibl.com\/index.php?rest_route=%2Fwp%2Fv2%2Fmedia&parent=8259"}],"wp:term":[{"taxonomy":"category","embeddable":true,"href":"https:\/\/www.mladibl.com\/index.php?rest_route=%2Fwp%2Fv2%2Fcategories&post=8259"},{"taxonomy":"post_tag","embeddable":true,"href":"https:\/\/www.mladibl.com\/index.php?rest_route=%2Fwp%2Fv2%2Ftags&post=8259"}],"curies":[{"name":"wp","href":"https:\/\/api.w.org\/{rel}","templated":true}]}}