{"id":8182,"date":"2021-04-14T08:30:58","date_gmt":"2021-04-14T06:30:58","guid":{"rendered":"http:\/\/www.mladibl.com\/?p=8182"},"modified":"2021-04-14T08:31:00","modified_gmt":"2021-04-14T06:31:00","slug":"virtuelni-dan-otvorenih-vrata-pravnog-fakulteta","status":"publish","type":"post","link":"https:\/\/www.mladibl.com\/?p=8182","title":{"rendered":"Virtuelni Dan otvorenih vrata Pravnog fakulteta"},"content":{"rendered":"\n<p>Virtuelni Dan otvorenih vrata Pravnog fakulteta Univerziteta u Banjoj Luci zakazan je za 19. april 2021. godine.<\/p>\n\n\n\n<p>Doga\u0111aj koji se odr\u017eava putem Zum platforme, po\u010dinje u 11 \u010dasova.<\/p>\n\n\n\n<p>U\u010desnici \u0107e imati priliku da dobiju sve informacije u vezi sa upisom i na\u010dinom studiranja na Pravnom fakultetu Univerziteta u Banjoj Luci.<\/p>\n\n\n\n<p>Pristupni kod \u0107e biti naknadno objavljen na internetskoj stranici <strong><a href=\"https:\/\/pf.unibl.org\/virtuelni-dan-otvorenih-vrata\/\" target=\"_blank\" rel=\"noreferrer noopener\" aria-label=\"Pravnog fakulteta (opens in a new tab)\">Pravnog fakulteta<\/a><\/strong>.<\/p>\n\n\n\n<p>Preuzeto sa: <a href=\"https:\/\/unibl.org\/sr-lat\/vesti\/2021\/03\/virtuelni-dan-otvorenih-vrata-pravnog-fakulteta\" target=\"_blank\" rel=\"noreferrer noopener\" aria-label=\"Univerzitet u Banjoj Luci (opens in a new tab)\">Univerzitet u Banjoj Luci<\/a><\/p>\n","protected":false},"excerpt":{"rendered":"<p>Virtuelni Dan otvorenih vrata Pravnog fakulteta Univerziteta u Banjoj Luci zakazan je za 19. april 2021. godine. Doga\u0111aj koji se<\/p>\n","protected":false},"author":1,"featured_media":8183,"comment_status":"closed","ping_status":"open","sticky":false,"template":"","format":"standard","meta":{"om_disable_all_campaigns":false,"_monsterinsights_skip_tracking":false,"_monsterinsights_sitenote_active":false,"_monsterinsights_sitenote_note":"","_monsterinsights_sitenote_category":0,"footnotes":""},"categories":[13],"tags":[4320,930,62,579,4280],"class_list":["post-8182","post","type-post","status-publish","format-standard","has-post-thumbnail","hentry","category-studenti","tag-dan-otvorenih-vrata","tag-pravni-fakultet","tag-studenti","tag-studiranje","tag-virtuelni"],"jetpack_featured_media_url":"https:\/\/www.mladibl.com\/wp-content\/uploads\/2021\/04\/Virtuelni-Dan-otvorenih-vrata-Pravnog-fakulteta.jpg","amp_enabled":true,"_links":{"self":[{"href":"https:\/\/www.mladibl.com\/index.php?rest_route=\/wp\/v2\/posts\/8182","targetHints":{"allow":["GET"]}}],"collection":[{"href":"https:\/\/www.mladibl.com\/index.php?rest_route=\/wp\/v2\/posts"}],"about":[{"href":"https:\/\/www.mladibl.com\/index.php?rest_route=\/wp\/v2\/types\/post"}],"author":[{"embeddable":true,"href":"https:\/\/www.mladibl.com\/index.php?rest_route=\/wp\/v2\/users\/1"}],"replies":[{"embeddable":true,"href":"https:\/\/www.mladibl.com\/index.php?rest_route=%2Fwp%2Fv2%2Fcomments&post=8182"}],"version-history":[{"count":1,"href":"https:\/\/www.mladibl.com\/index.php?rest_route=\/wp\/v2\/posts\/8182\/revisions"}],"predecessor-version":[{"id":8184,"href":"https:\/\/www.mladibl.com\/index.php?rest_route=\/wp\/v2\/posts\/8182\/revisions\/8184"}],"wp:featuredmedia":[{"embeddable":true,"href":"https:\/\/www.mladibl.com\/index.php?rest_route=\/wp\/v2\/media\/8183"}],"wp:attachment":[{"href":"https:\/\/www.mladibl.com\/index.php?rest_route=%2Fwp%2Fv2%2Fmedia&parent=8182"}],"wp:term":[{"taxonomy":"category","embeddable":true,"href":"https:\/\/www.mladibl.com\/index.php?rest_route=%2Fwp%2Fv2%2Fcategories&post=8182"},{"taxonomy":"post_tag","embeddable":true,"href":"https:\/\/www.mladibl.com\/index.php?rest_route=%2Fwp%2Fv2%2Ftags&post=8182"}],"curies":[{"name":"wp","href":"https:\/\/api.w.org\/{rel}","templated":true}]}}