{"id":8131,"date":"2021-04-12T09:08:16","date_gmt":"2021-04-12T07:08:16","guid":{"rendered":"http:\/\/www.mladibl.com\/?p=8131"},"modified":"2021-04-12T09:08:18","modified_gmt":"2021-04-12T07:08:18","slug":"6-nacina-da-budete-efektivan-menadzer-tokom-pandemije","status":"publish","type":"post","link":"https:\/\/www.mladibl.com\/?p=8131","title":{"rendered":"6 na\u010dina da budete efektivan menad\u017eer tokom pandemije"},"content":{"rendered":"\n<p>Timski lideri vode ra\u010duna kako o individuama u timu tako i o timu u cjelini. Da bi bili dobar menad\u017eer trebate imati jaku empatiju, autenti\u010dnost i fleksibilnost. U vremenu krize, kao \u0161to je ova COVID situacija, ove menad\u017eerske kvalitete su jo\u0161 bitnije.<\/p>\n\n\n\n<p>\u010clanovi tima \u0107e biti pod stresom, nervozni, upla\u0161eni. Posao trpi razli\u010dite izazove i situacija se generalno, umnogome mijenja. Pro\u010ditajte nekoliko savjeta kako da izvu\u010dete maksimum iz ove situacije.<\/p>\n\n\n\n<p>1 &#8211; Pobrinite se o sebi<\/p>\n\n\n\n<p>Ukoliko letite avionom, upozore vas da masku sa kiseonikom prvo stavite sebi. Ukoliko trebate da pomognete drugim ljudima, morate prvo da pomognete sebi. Va\u0161 tim reaguje na va\u0161e pona\u0161anje i sitne signale. Ukoliko ste upla\u0161eni ili pod stresom, budite sigurni da \u0107ete svoje emocije prenijeti i na tim. Znaju\u0107i ovo, preduzmite mjere da prvenstveno pomognete sebi.<\/p>\n\n\n\n<p>Zadovoljite svoje potrebe. Uzmite slobodan dan. Promjenite raspored. Vje\u017ebajte, kre\u0107ite se. Popri\u010dajte sa ljudima van posla. Zadovoljite svoje psiholo\u0161ke potrebe*.<\/p>\n\n\n\n<p>Ostanite autenti\u010dni. Nemojte se pretvarati da situacija ne uti\u010de na vas. Dajte ljudima do znanja da je sasvim u redu da ste pod stresom kad su ovakve situacije u pitanju. Prika\u017eite im se kao \u010dovjek sa svim svojim slabostima i ste\u0107i \u0107ete njihovo povjerenje.<\/p>\n\n\n\n<p>U pitanju je delikatan balans izme\u0111u ljudskih slabosti i snage koju trebate pokazati. Nema potrebe da bje\u017eite ni od jednog ni od drugog.<\/p>\n\n\n\n<p>*Ukoliko vas vi\u0161e zanimaju psiholo\u0161ke potrebe i kako ih zadovoljiti mo\u017eda je PCM prava stvar za vas.<\/p>\n\n\n\n<p>2 &#8211; Ljudski kontakt<\/p>\n\n\n\n<p>Praktikujte komunikaciju 1:1 sa \u010dlanovima svog tima. Dajte im do znanja da im stojite na raspolaganju da im pomognete oko problema i da ih, u krajnjoj liniji saslu\u0161ate.<\/p>\n\n\n\n<p>S druge strane, nemojte pritiskati ljude da razgovaraju sa vama. Pojedini ljudi jednostavno ne \u017eele i nemaju potrebu da razgovaraju o tome kako ova situacija uti\u010de na njih. Ponudite se da ih saslu\u0161ate ali nemojte pritiskati. Dajte im prostora. Pojednici \u017eele da razgovaraju ali ne sa svojim menad\u017eerom. Svako od nas je jedinstven i pona\u0161a se druga\u010dije.<\/p>\n\n\n\n<p>3 &#8211; Podr\u017eite individualne potrebe<\/p>\n\n\n\n<p>Kriza ne poga\u0111a sve ljude na isti na\u010din. Tako\u0111e, ne reaguje svako na stres na isti na\u010din. Nekima treba ljudski kontakt, neki vole samo\u0107u, neki utjehu nalaze u svom radu. Tokom krize, a i ina\u010de, ne postoji jedinstven pristup svima. Pomozite \u010dlanovima svog tima da se sa stresom nose na na\u010din koji njima odgovara. U razgovorima 1:1 popri\u010dajte sa \u010dlanovima svog tima koje to potrebe nisu zadovoljene. Razmislite zajedno kako mo\u017eete da im pomognete da zadovolje svoju psiholo\u0161ku potrebu.<\/p>\n\n\n\n<p>4 &#8211; Odr\u017eavajte timske rituale<\/p>\n\n\n\n<p>Pored individualnog pristupa i fokusa, koji su jako bitni, poku\u0161ajte da zadr\u017eite timske rituale koliko god je to mogu\u0107e. Mo\u017eda virtualna kafa petkom? Fokusirajte se na mogu\u0107nosti kojima \u0107ete poja\u010dati socijalnu konekciju i veze unutar tima. Rituali kreiraju osje\u0107aj sigurnosti koji \u0107e ljudima u ovakvim situacijama itekako pomo\u0107i kako bi smanjili stres.<\/p>\n\n\n\n<p>Probajte da po\u010dnete slede\u0107i sastanak sa nekom zajedni\u010dkom igrom ili malo fizi\u010dke aktivnosti, istezanja i sl. Razmislite, \u0161ta bi va\u0161em timu pomoglo.<\/p>\n\n\n\n<p>5 &#8211; Oslonite se na prioritete<\/p>\n\n\n\n<p>Tokom krize, ljudi se te\u017ee fokusiraju. Ostati produktivan u nesigurnoj situaciji nije jednostavno. Ukoliko primjetite da produktivnost opada, adresirajte je direktno, pru\u017eaju\u0107i podr\u0161ku. Postavite ova pitanja:<\/p>\n\n\n\n<p>Na koji jo\u0161 na\u010din mo\u017eemo da ostvarimo cilj?<\/p>\n\n\n\n<p>\u0160ta ja mogu uraditi da pomognem u ostvarenju cilja?<\/p>\n\n\n\n<p>Fokusirajte se na ono \u0161to je va\u017eno, odredite prioritet i elimini\u0161ite koliko je mogu\u0107e sve stvari koje nisu toliko bitne. Vrijeme krize nije regularno vrijeme stoga budite malo fleksibilniji.<\/p>\n\n\n\n<p>6 &#8211; Budite zahvalni<\/p>\n\n\n\n<p>Po\u010dnite od sebe. \u0160to se vi\u0161e fokusirate na ono na \u010demu ste zahvalni i \u0161to je u redu, va\u0161a pa\u017enja se polako mijenja. Fokus na pozitivno \u0107e vam dati dodatnu motivaciju i promjeniti emocionalno stanje. Ista stvar se mo\u017ee uraditi i sa timom.<\/p>\n\n\n\n<p>Sastanak, recimo mo\u017eete po\u010deti sa minutom ljubaznosti. Svako mo\u017ee pohvaliti nekoga u timu za neki dobro odra\u0111en posao ili asistenciju. Ohrabrite ih da me\u0111usobno \u0161alju mejlove ili poruke sa zahvalno\u0161\u0107u i ljubaznim rije\u010dima jedni drugima.<\/p>\n\n\n\n<p>Svaka osoba je naravno sama odgovorna za svoje mentalno zdravlje ali vi kao menad\u017eer ste odgovorni za svoj tim. Stres i strah mogu uticati na na\u010din na koji pojedinci razmi\u0161ljaju i funkcioni\u0161u tokom krize. Va\u0161 posao je da se s tim nosite kako bi va\u0161 tim iz krize iza\u0161ao jo\u0161 ja\u010di.<\/p>\n\n\n\n<p>Preuzeto sa: <a href=\"https:\/\/infinitum.ba\/6-nacina-da-budete-efektivan-menadzer-tokom-pandemije\/\" target=\"_blank\" rel=\"noreferrer noopener\" aria-label=\"infinitum.ba (opens in a new tab)\">infinitum.ba<\/a><\/p>\n","protected":false},"excerpt":{"rendered":"<p>Timski lideri vode ra\u010duna kako o individuama u timu tako i o timu u cjelini. Da bi bili dobar menad\u017eer<\/p>\n","protected":false},"author":1,"featured_media":8132,"comment_status":"closed","ping_status":"open","sticky":false,"template":"","format":"standard","meta":{"om_disable_all_campaigns":false,"_monsterinsights_skip_tracking":false,"_monsterinsights_sitenote_active":false,"_monsterinsights_sitenote_note":"","_monsterinsights_sitenote_category":0,"footnotes":""},"categories":[370],"tags":[4310,792,469,4311],"class_list":["post-8131","post","type-post","status-publish","format-standard","has-post-thumbnail","hentry","category-ostalo","tag-efektivan","tag-menadzer","tag-pandemija","tag-timski-lideri"],"jetpack_featured_media_url":"https:\/\/www.mladibl.com\/wp-content\/uploads\/2021\/04\/6-na\u010dina-da-budete-efektivan-menad\u017eer-tokom-pandemije.jpg","amp_enabled":true,"_links":{"self":[{"href":"https:\/\/www.mladibl.com\/index.php?rest_route=\/wp\/v2\/posts\/8131","targetHints":{"allow":["GET"]}}],"collection":[{"href":"https:\/\/www.mladibl.com\/index.php?rest_route=\/wp\/v2\/posts"}],"about":[{"href":"https:\/\/www.mladibl.com\/index.php?rest_route=\/wp\/v2\/types\/post"}],"author":[{"embeddable":true,"href":"https:\/\/www.mladibl.com\/index.php?rest_route=\/wp\/v2\/users\/1"}],"replies":[{"embeddable":true,"href":"https:\/\/www.mladibl.com\/index.php?rest_route=%2Fwp%2Fv2%2Fcomments&post=8131"}],"version-history":[{"count":1,"href":"https:\/\/www.mladibl.com\/index.php?rest_route=\/wp\/v2\/posts\/8131\/revisions"}],"predecessor-version":[{"id":8133,"href":"https:\/\/www.mladibl.com\/index.php?rest_route=\/wp\/v2\/posts\/8131\/revisions\/8133"}],"wp:featuredmedia":[{"embeddable":true,"href":"https:\/\/www.mladibl.com\/index.php?rest_route=\/wp\/v2\/media\/8132"}],"wp:attachment":[{"href":"https:\/\/www.mladibl.com\/index.php?rest_route=%2Fwp%2Fv2%2Fmedia&parent=8131"}],"wp:term":[{"taxonomy":"category","embeddable":true,"href":"https:\/\/www.mladibl.com\/index.php?rest_route=%2Fwp%2Fv2%2Fcategories&post=8131"},{"taxonomy":"post_tag","embeddable":true,"href":"https:\/\/www.mladibl.com\/index.php?rest_route=%2Fwp%2Fv2%2Ftags&post=8131"}],"curies":[{"name":"wp","href":"https:\/\/api.w.org\/{rel}","templated":true}]}}