{"id":808,"date":"2020-03-05T15:10:20","date_gmt":"2020-03-05T13:10:20","guid":{"rendered":"http:\/\/www.mladibl.com\/?p=808"},"modified":"2020-03-05T15:12:26","modified_gmt":"2020-03-05T13:12:26","slug":"i-ove-godine-studentska-praksa-u-gradskoj-upravi","status":"publish","type":"post","link":"https:\/\/www.mladibl.com\/?p=808","title":{"rendered":"I ove godine studentska praksa u Gradskoj upravi"},"content":{"rendered":"\n<p>Studenti zavr\u0161nih godina fakulteta Univerzuteta u Banjoj Luci i ove godine ima\u0107e priliku da obave studentsku praksu u Gradskoj upravi i ustanovama i preduze\u0107ima pod nadle\u017eno\u0161\u0107u Grada.<\/p>\n\n\n\n<p>Kako je najavljeno iz Odsjeka za razvoj lokalne samouprave i upravljanje kadrovima, narednih dana bi\u0107e potpisan sporazum izme\u0111u Grada Banje Luke i Univerziteta u Banjoj Luci, a nakon toga uslijedi\u0107e raspisivanje javnog poziva.<\/p>\n\n\n\n<p>Planirano je da ove godine na studentsku praksu primimo ukupno 35 studenata zavr\u0161nih godina sa deset fakulteta: Ekonomskog, Pravnog, Elektrotehni\u010dkog, Prirodno-matemati\u010dkog, Arhitektonsko-gra\u0111evinsko-geodetskog, Tehnolo\u0161kog, Poljoprivrednog, Filozofoskog, Medicinskog i Fakulteta politi\u010dkih nauka \u2013 ka\u017eu u nadle\u017enom odsjeku Gradske uprave.<\/p>\n\n\n\n<p>Studenti \u0107e praksu obavljati u organizacionim jedinicama Gradske uprave, te u Domu zdravlja, Gradskoj razvojnoj agenciji i Centru za razvoj poljoprivrede i sela.<\/p>\n\n\n\n<p>Preuzeto sa: <a href=\"http:\/\/www.banjaluka.rs.ba\/%d0%b8-%d0%be%d0%b2%d0%b5-%d0%b3%d0%be%d0%b4%d0%b8%d0%bd%d0%b5-%d1%81%d1%82%d1%83%d0%b4%d0%b5%d0%bd%d1%82%d1%81%d0%ba%d0%b0-%d0%bf%d1%80%d0%b0%d0%ba%d1%81%d0%b0-%d1%83-%d0%b3%d1%80%d0%b0%d0%b4%d1%81\/\" target=\"_blank\" rel=\"noreferrer noopener\" aria-label=\"Grad Banja Luka (opens in a new tab)\">Grad Banja Luka<\/a><\/p>\n","protected":false},"excerpt":{"rendered":"<p>Studenti zavr\u0161nih godina fakulteta Univerzuteta u Banjoj Luci i ove godine ima\u0107e priliku da obave studentsku praksu u Gradskoj upravi<\/p>\n","protected":false},"author":1,"featured_media":811,"comment_status":"closed","ping_status":"open","sticky":false,"template":"","format":"standard","meta":{"om_disable_all_campaigns":false,"_monsterinsights_skip_tracking":false,"_monsterinsights_sitenote_active":false,"_monsterinsights_sitenote_note":"","_monsterinsights_sitenote_category":0,"footnotes":""},"categories":[2],"tags":[27,304],"class_list":["post-808","post","type-post","status-publish","format-standard","has-post-thumbnail","hentry","category-vijesti","tag-grad-banja-luka","tag-studentska-praksa"],"jetpack_featured_media_url":"https:\/\/www.mladibl.com\/wp-content\/uploads\/2020\/03\/I-ove-godine-studentska-praksa-u-Gradskoj-upravi-1.jpg","amp_enabled":true,"_links":{"self":[{"href":"https:\/\/www.mladibl.com\/index.php?rest_route=\/wp\/v2\/posts\/808","targetHints":{"allow":["GET"]}}],"collection":[{"href":"https:\/\/www.mladibl.com\/index.php?rest_route=\/wp\/v2\/posts"}],"about":[{"href":"https:\/\/www.mladibl.com\/index.php?rest_route=\/wp\/v2\/types\/post"}],"author":[{"embeddable":true,"href":"https:\/\/www.mladibl.com\/index.php?rest_route=\/wp\/v2\/users\/1"}],"replies":[{"embeddable":true,"href":"https:\/\/www.mladibl.com\/index.php?rest_route=%2Fwp%2Fv2%2Fcomments&post=808"}],"version-history":[{"count":1,"href":"https:\/\/www.mladibl.com\/index.php?rest_route=\/wp\/v2\/posts\/808\/revisions"}],"predecessor-version":[{"id":810,"href":"https:\/\/www.mladibl.com\/index.php?rest_route=\/wp\/v2\/posts\/808\/revisions\/810"}],"wp:featuredmedia":[{"embeddable":true,"href":"https:\/\/www.mladibl.com\/index.php?rest_route=\/wp\/v2\/media\/811"}],"wp:attachment":[{"href":"https:\/\/www.mladibl.com\/index.php?rest_route=%2Fwp%2Fv2%2Fmedia&parent=808"}],"wp:term":[{"taxonomy":"category","embeddable":true,"href":"https:\/\/www.mladibl.com\/index.php?rest_route=%2Fwp%2Fv2%2Fcategories&post=808"},{"taxonomy":"post_tag","embeddable":true,"href":"https:\/\/www.mladibl.com\/index.php?rest_route=%2Fwp%2Fv2%2Ftags&post=808"}],"curies":[{"name":"wp","href":"https:\/\/api.w.org\/{rel}","templated":true}]}}