{"id":8077,"date":"2021-04-10T07:45:19","date_gmt":"2021-04-10T05:45:19","guid":{"rendered":"http:\/\/www.mladibl.com\/?p=8077"},"modified":"2021-04-10T07:45:21","modified_gmt":"2021-04-10T05:45:21","slug":"poziv-za-ucesce-na-kampu","status":"publish","type":"post","link":"https:\/\/www.mladibl.com\/?p=8077","title":{"rendered":"Poziv za u\u010de\u0161\u0107e na kampu"},"content":{"rendered":"\n<p>Poziv za prijavljivanje na Ultimate Survival Leadership Camp sada je i zvani\u010dno otvoren!<\/p>\n\n\n\n<p>Ako ste aktivni\/e u svojim zajednicama i nemate vi\u0161e od 35 godina, pozivamo vas da iskoristite ovu jedinstvenu priliku i do 25. maja se javite Helsni\u0161kom parlamentu gra\u0111ana Banjaluka i na vrijeme obezbijedite svoje mjesto u kampu.<\/p>\n\n\n\n<p>Ultimate Survival Leadership Camp (USLC) \u0107e se organizovati u Centru za posjetioce Pecka i traja\u0107e osam dana, od 14. do 21. juna 2021. godine. Namijenjen je mladim aktivistima i aktiviskinjama iz BiH koji \u0107e, kroz tri modula, imati prliku da obogate svoja znanja i vje\u0161tine za dalji rad na polju aktivizma. Neke od tema o kojima \u0107e se u\u010diti i diskutovati na kampu su: trenutni polo\u017eaj mladih u BiH i mogu\u0107nosti za aktivisti\u010dko djelovanje, nacionalizam, populizam, rod, klasa, eko-aktivizam, umjetnost kao alat za dru\u0161tvenu promjenu, (ne)mo\u0107 dru\u0161tvernih mre\u017ea, itd.<\/p>\n\n\n\n<p>Kroz razmjenu iskustava i izlaganja predva\u010da\/ica i trenera\/ica iz BiH, Amerike i Kanade, radi\u0107e se na li\u010dnom, profesionalno i politi\u010dkom razvoju, umre\u017eavanju i trasiranju akcija za dru\u0161tvene promjene. Pored toga, u program kampa integrisali smo i niz drugih aktivnosti kao \u0161to su izleti na rijeku Sanu, kuvanje, yoga, filmske ve\u010deri i tra\u017eenje gljiva.<\/p>\n\n\n\n<p>Ako sebe smatrate osobom koja se bavi dru\u0161tvenim promjenama i koja je aktivna na tom polju, ono \u0161to vam je potrebno da bi ste se prijavili na kamp je slede\u0107e:<\/p>\n\n\n\n<ul class=\"wp-block-list\"><li>Da imate od  18 do 35 godina<\/li><li>Da ste BiH dr\u017eavljanin\/dr\u017eavljanka<\/li><li>Motivaciono pismo \u2013 za\u0161to \u017eelite u\u010destvovati na ovom kampu<\/li><\/ul>\n\n\n\n<p>Va\u0161u prijavu mo\u017eete poslati do 25. maja, na mail adresu <strong><a href=\"mailto:mgrujic@hcabl.org\" target=\"_blank\" rel=\"noreferrer noopener\" aria-label=\"mgrujic@hcabl.org (opens in a new tab)\">mgrujic@hcabl.org<\/a><\/strong>.<\/p>\n\n\n\n<p>Broj u\u010desnika\/ica na kampu je ograni\u010den, a odluku o kona\u010dnom izboru donije\u0107e Komisija koja \u0107e biti formirana u tu svrhu.<\/p>\n\n\n\n<p>VA\u017dNO!<\/p>\n\n\n\n<p>Imaju\u0107i u vidu epidemiolo\u0161ku situaciju u zemlji, svi u\u010desnici i u\u010desnice, te predava\u010di i predava\u010dice \u0107e biti testirani na Covid-19 prije kampa. Samo osbe \u010diji test bude negativan mo\u0107i \u0107e u\u010detvovati na kampu.<\/p>\n\n\n\n<p>Sve tro\u0161kove kampa  i testiranja snosi organizator \u2013 Helsin\u0161ki parlament gra\u0111anja Banjaluka , uz podr\u0161ku Ameri\u010dke ambasade u BiH .<\/p>\n\n\n\n<p>Preuzeto sa: <a href=\"http:\/\/hcabl.org\/poziv-za-ucesce-na-kampu\/\" target=\"_blank\" rel=\"noreferrer noopener\" aria-label=\"HCA BL (opens in a new tab)\">HCA BL<\/a><\/p>\n","protected":false},"excerpt":{"rendered":"<p>Poziv za prijavljivanje na Ultimate Survival Leadership Camp sada je i zvani\u010dno otvoren! Ako ste aktivni\/e u svojim zajednicama i<\/p>\n","protected":false},"author":1,"featured_media":8078,"comment_status":"closed","ping_status":"open","sticky":false,"template":"","format":"standard","meta":{"om_disable_all_campaigns":false,"_monsterinsights_skip_tracking":false,"_monsterinsights_sitenote_active":false,"_monsterinsights_sitenote_note":"","_monsterinsights_sitenote_category":0,"footnotes":""},"categories":[6],"tags":[3903,1692,2453,355,3902,3901],"class_list":["post-8077","post","type-post","status-publish","format-standard","has-post-thumbnail","hentry","category-dogadjaji","tag-camp","tag-kamp","tag-leadership","tag-poziv","tag-survival","tag-ultimate"],"jetpack_featured_media_url":"https:\/\/www.mladibl.com\/wp-content\/uploads\/2021\/04\/Poziv-za-u\u010de\u0161\u0107e-na-kampu.jpg","amp_enabled":true,"_links":{"self":[{"href":"https:\/\/www.mladibl.com\/index.php?rest_route=\/wp\/v2\/posts\/8077","targetHints":{"allow":["GET"]}}],"collection":[{"href":"https:\/\/www.mladibl.com\/index.php?rest_route=\/wp\/v2\/posts"}],"about":[{"href":"https:\/\/www.mladibl.com\/index.php?rest_route=\/wp\/v2\/types\/post"}],"author":[{"embeddable":true,"href":"https:\/\/www.mladibl.com\/index.php?rest_route=\/wp\/v2\/users\/1"}],"replies":[{"embeddable":true,"href":"https:\/\/www.mladibl.com\/index.php?rest_route=%2Fwp%2Fv2%2Fcomments&post=8077"}],"version-history":[{"count":1,"href":"https:\/\/www.mladibl.com\/index.php?rest_route=\/wp\/v2\/posts\/8077\/revisions"}],"predecessor-version":[{"id":8079,"href":"https:\/\/www.mladibl.com\/index.php?rest_route=\/wp\/v2\/posts\/8077\/revisions\/8079"}],"wp:featuredmedia":[{"embeddable":true,"href":"https:\/\/www.mladibl.com\/index.php?rest_route=\/wp\/v2\/media\/8078"}],"wp:attachment":[{"href":"https:\/\/www.mladibl.com\/index.php?rest_route=%2Fwp%2Fv2%2Fmedia&parent=8077"}],"wp:term":[{"taxonomy":"category","embeddable":true,"href":"https:\/\/www.mladibl.com\/index.php?rest_route=%2Fwp%2Fv2%2Fcategories&post=8077"},{"taxonomy":"post_tag","embeddable":true,"href":"https:\/\/www.mladibl.com\/index.php?rest_route=%2Fwp%2Fv2%2Ftags&post=8077"}],"curies":[{"name":"wp","href":"https:\/\/api.w.org\/{rel}","templated":true}]}}